{"id":124461,"date":"2024-07-08T19:18:58","date_gmt":"2024-07-08T17:18:58","guid":{"rendered":"https:\/\/www.burgosdeporte.com\/?p=124461"},"modified":"2024-07-10T14:09:50","modified_gmt":"2024-07-10T12:09:50","slug":"el-bcf-femenino-incorpora-a-la-centrocampista-angela-moreno","status":"publish","type":"post","link":"https:\/\/www.burgosdeporte.com\/?p=124461","title":{"rendered":"El BCF Femenino incorpora a la centrocampista \u00c1ngela Moreno"},"content":{"rendered":"\n<p class=\"has-text-align-right\">(<em>Fotograf\u00eda: Burgos CF<\/em>)<\/p>\n\n\n\n<p>El Burgos Club de F\u00fatbol Femenino sella su primer fichaje de cara a la temporada 24\/25 con la incorporaci\u00f3n de \u00c1ngela Moreno. La centrocampista proveniente de la UD Almer\u00eda anot\u00f3 nada menos que 13 dianas en su reciente campa\u00f1a en 3\u00aa RFEF.<\/p>\n\n\n\n<p>\u00c1ngela Moreno es una jugadora de 17 a\u00f1os que aterriza en el Burgos Club de F\u00fatbol Femenino tras protagonizar una campa\u00f1a muy rese\u00f1able con la UD Almer\u00eda. En la misma categor\u00eda que milita el equipo de Tania G\u00fcemes, Moreno ha disputado 1.852 minutos en los que ha marcado 13 goles desde la posici\u00f3n de centrocampista (gol cada 142 minutos).<\/p>\n\n\n\n<p>El Burgos Club de F\u00fatbol firma a una centrocampista con gran visi\u00f3n de juego, mucha habilidad t\u00e9cnica con bal\u00f3n y una incuestionable capacidad de generar gol, y ser\u00e1 blanquinegra hasta 2025.<\/p>\n","protected":false},"excerpt":{"rendered":"<p>(Fotograf\u00eda: Burgos CF) El Burgos Club de F\u00fatbol Femenino sella su primer fichaje de cara a la temporada 24\/25 con la incorporaci\u00f3n de \u00c1ngela Moreno. La centrocampista proveniente de la UD Almer\u00eda anot\u00f3 nada menos que 13 dianas en su reciente campa\u00f1a en 3\u00aa RFEF. \u00c1ngela Moreno es una jugadora de 17 a\u00f1os que aterriza [&hellip;]<\/p>\n","protected":false},"author":10,"featured_media":124462,"comment_status":"closed","ping_status":"closed","sticky":false,"template":"","format":"standard","meta":{"_monsterinsights_skip_tracking":false,"_monsterinsights_sitenote_active":false,"_monsterinsights_sitenote_note":"","_monsterinsights_sitenote_category":0,"footnotes":""},"categories":[4],"tags":[1553,258,77,32],"class_list":{"0":"post-124461","1":"post","2":"type-post","3":"status-publish","4":"format-standard","5":"has-post-thumbnail","7":"category-futbol","8":"tag-actualidad-2","9":"tag-bcffemenino","10":"tag-burgoscffemenino","11":"tag-futbol"},"views":583,"_links":{"self":[{"href":"https:\/\/www.burgosdeporte.com\/index.php?rest_route=\/wp\/v2\/posts\/124461","targetHints":{"allow":["GET"]}}],"collection":[{"href":"https:\/\/www.burgosdeporte.com\/index.php?rest_route=\/wp\/v2\/posts"}],"about":[{"href":"https:\/\/www.burgosdeporte.com\/index.php?rest_route=\/wp\/v2\/types\/post"}],"author":[{"embeddable":true,"href":"https:\/\/www.burgosdeporte.com\/index.php?rest_route=\/wp\/v2\/users\/10"}],"replies":[{"embeddable":true,"href":"https:\/\/www.burgosdeporte.com\/index.php?rest_route=%2Fwp%2Fv2%2Fcomments&post=124461"}],"version-history":[{"count":2,"href":"https:\/\/www.burgosdeporte.com\/index.php?rest_route=\/wp\/v2\/posts\/124461\/revisions"}],"predecessor-version":[{"id":124464,"href":"https:\/\/www.burgosdeporte.com\/index.php?rest_route=\/wp\/v2\/posts\/124461\/revisions\/124464"}],"wp:featuredmedia":[{"embeddable":true,"href":"https:\/\/www.burgosdeporte.com\/index.php?rest_route=\/wp\/v2\/media\/124462"}],"wp:attachment":[{"href":"https:\/\/www.burgosdeporte.com\/index.php?rest_route=%2Fwp%2Fv2%2Fmedia&parent=124461"}],"wp:term":[{"taxonomy":"category","embeddable":true,"href":"https:\/\/www.burgosdeporte.com\/index.php?rest_route=%2Fwp%2Fv2%2Fcategories&post=124461"},{"taxonomy":"post_tag","embeddable":true,"href":"https:\/\/www.burgosdeporte.com\/index.php?rest_route=%2Fwp%2Fv2%2Ftags&post=124461"}],"curies":[{"name":"wp","href":"https:\/\/api.w.org\/{rel}","templated":true}]}}