{"id":123914,"date":"2024-06-18T22:46:33","date_gmt":"2024-06-18T20:46:33","guid":{"rendered":"https:\/\/www.burgosdeporte.com\/?p=123914"},"modified":"2024-06-20T02:09:51","modified_gmt":"2024-06-20T00:09:51","slug":"la-capitana-del-burgos-cf-femenino-cristina-lopez-renueva-hasta-2025","status":"publish","type":"post","link":"https:\/\/www.burgosdeporte.com\/?p=123914","title":{"rendered":"La capitana del Burgos CF Femenino, Cristina L\u00f3pez, renueva hasta 2025"},"content":{"rendered":"\n<h1 class=\"wp-block-heading\">Es una polivalente jugadora de l\u00ednea defensiva que puede hacer su funci\u00f3n tanto de central como de lateral. <\/h1>\n\n\n<div class=\"wp-block-image\">\n<figure class=\"aligncenter size-full\"><img loading=\"lazy\" decoding=\"async\" width=\"250\" height=\"83\" src=\"https:\/\/www.burgosdeporte.com\/wp-content\/uploads\/2023\/09\/logoVS-copia.png\" alt=\"\" class=\"wp-image-107979\" srcset=\"https:\/\/www.burgosdeporte.com\/wp-content\/uploads\/2023\/09\/logoVS-copia.png 250w, https:\/\/www.burgosdeporte.com\/wp-content\/uploads\/2023\/09\/logoVS-copia-150x50.png 150w\" sizes=\"auto, (max-width: 250px) 100vw, 250px\" \/><\/figure>\n<\/div>\n\n\n<p>El Burgos Club de F\u00fatbol Femenino ha cerrado su segunda renovaci\u00f3n de cara a la temporada 24\/25.\u00a0\u00a0La defensora de 22 a\u00f1os llega a un acuerdo con la entidad blanquinegra hasta 2025.<\/p>\n\n\n\n<p>La polivalente zaguera ha demostrado su val\u00eda en la l\u00ednea defensiva tanto en la faceta de central como en la de lateral. Ya fue una de las jugadoras con m\u00e1s minutos disputados en la campa\u00f1a 22-23 y ha conservado esa condici\u00f3n en la 23-24 con nada menos que 2347 minutos. Adem\u00e1s, tambi\u00e9n ha mantenido su condici\u00f3n ofensiva con 2 tantos.&nbsp;&nbsp;<\/p>\n\n\n\n<p>En sus 25 titularidades, la capitana del barco blanquinegro ha sabido conducirlo con firmeza tanto a nivel deportivo como a nivel an\u00edmico y ha sido una pieza esencial en la fant\u00e1stica campa\u00f1a reci\u00e9n concluida.<\/p>\n\n\n\n<p>El Burgos Club de F\u00fatbol sella su segunda renovaci\u00f3n con una jugadora clave del proyecto, que adem\u00e1s ejerce de capitana. Cristina L\u00f3pez ser\u00e1 blanquinegra hasta 2025.<\/p>\n","protected":false},"excerpt":{"rendered":"<p>Es una polivalente jugadora de l\u00ednea defensiva que puede hacer su funci\u00f3n tanto de central como de lateral. El Burgos Club de F\u00fatbol Femenino ha cerrado su segunda renovaci\u00f3n de cara a la temporada 24\/25.\u00a0\u00a0La defensora de 22 a\u00f1os llega a un acuerdo con la entidad blanquinegra hasta 2025. La polivalente zaguera ha demostrado su [&hellip;]<\/p>\n","protected":false},"author":10,"featured_media":123915,"comment_status":"closed","ping_status":"closed","sticky":false,"template":"","format":"standard","meta":{"_monsterinsights_skip_tracking":false,"_monsterinsights_sitenote_active":false,"_monsterinsights_sitenote_note":"","_monsterinsights_sitenote_category":0,"footnotes":""},"categories":[4],"tags":[1553,29,77,2009],"class_list":{"0":"post-123914","1":"post","2":"type-post","3":"status-publish","4":"format-standard","5":"has-post-thumbnail","7":"category-futbol","8":"tag-actualidad-2","9":"tag-burgoscf","10":"tag-burgoscffemenino","11":"tag-cristinalopez"},"views":491,"_links":{"self":[{"href":"https:\/\/www.burgosdeporte.com\/index.php?rest_route=\/wp\/v2\/posts\/123914","targetHints":{"allow":["GET"]}}],"collection":[{"href":"https:\/\/www.burgosdeporte.com\/index.php?rest_route=\/wp\/v2\/posts"}],"about":[{"href":"https:\/\/www.burgosdeporte.com\/index.php?rest_route=\/wp\/v2\/types\/post"}],"author":[{"embeddable":true,"href":"https:\/\/www.burgosdeporte.com\/index.php?rest_route=\/wp\/v2\/users\/10"}],"replies":[{"embeddable":true,"href":"https:\/\/www.burgosdeporte.com\/index.php?rest_route=%2Fwp%2Fv2%2Fcomments&post=123914"}],"version-history":[{"count":2,"href":"https:\/\/www.burgosdeporte.com\/index.php?rest_route=\/wp\/v2\/posts\/123914\/revisions"}],"predecessor-version":[{"id":123917,"href":"https:\/\/www.burgosdeporte.com\/index.php?rest_route=\/wp\/v2\/posts\/123914\/revisions\/123917"}],"wp:featuredmedia":[{"embeddable":true,"href":"https:\/\/www.burgosdeporte.com\/index.php?rest_route=\/wp\/v2\/media\/123915"}],"wp:attachment":[{"href":"https:\/\/www.burgosdeporte.com\/index.php?rest_route=%2Fwp%2Fv2%2Fmedia&parent=123914"}],"wp:term":[{"taxonomy":"category","embeddable":true,"href":"https:\/\/www.burgosdeporte.com\/index.php?rest_route=%2Fwp%2Fv2%2Fcategories&post=123914"},{"taxonomy":"post_tag","embeddable":true,"href":"https:\/\/www.burgosdeporte.com\/index.php?rest_route=%2Fwp%2Fv2%2Ftags&post=123914"}],"curies":[{"name":"wp","href":"https:\/\/api.w.org\/{rel}","templated":true}]}}