{"id":122493,"date":"2024-05-21T23:43:23","date_gmt":"2024-05-21T21:43:23","guid":{"rendered":"https:\/\/www.burgosdeporte.com\/?p=122493"},"modified":"2024-05-23T00:07:55","modified_gmt":"2024-05-22T22:07:55","slug":"burgos-acoge-el-ii-torneo-de-padel-solidario-a-favor-de-aspaym","status":"publish","type":"post","link":"https:\/\/www.burgosdeporte.com\/?p=122493","title":{"rendered":"Burgos acoge el II Torneo de P\u00e1del Solidario a favor de ASPAYM"},"content":{"rendered":"\n<h3 class=\"wp-block-heading\"><strong>Los fondos recaudados ir\u00e1n destinados a la modernizaci\u00f3n y mejora de la Unidad de Rehabilitaci\u00f3n Neurol\u00f3gica de ASPAYM CyL en Burgos<\/strong>.<\/h3>\n\n\n<div class=\"wp-block-image\">\n<figure class=\"aligncenter size-full\"><img loading=\"lazy\" decoding=\"async\" width=\"300\" height=\"90\" src=\"https:\/\/www.burgosdeporte.com\/wp-content\/uploads\/2023\/10\/Felix_rubio_mov.gif\" alt=\"\" class=\"wp-image-108892\"\/><\/figure>\n<\/div>\n\n\n<p>Burgos acoger\u00e1 los d\u00edas 8 y 9 de junio el II Torneo de p\u00e1del solidario en memoria de Paco Nalda, organizado por Padelicious y ASPAYM Castilla y Le\u00f3n en colaboraci\u00f3n con el Ayuntamiento de Burgos.<\/p>\n\n\n\n<p>El evento tiene como objetivo recaudar fondos para potenciar y modernizar la Unidad de Rehabilitaci\u00f3n Neurol\u00f3gica de ASPAYM CyL en Burgos, permitiendo la adquisici\u00f3n de equipamiento y material innovador que mejorar\u00e1 la atenci\u00f3n especializada a personas con y sin discapacidad de la provincia.<\/p>\n\n\n\n<p>Este evento deportivo lo han presentado este martes en el Ayuntamiento de Burgos la concejala de Sanidad, Mila del Campo; el presidente de ASPAYM Castilla y Le\u00f3n, \u00c1ngel de Propios; el coordinador del centro en Burgos, Rafael Escudero; el diputado provincial y alcalde de Villadiego, \u00c1ngel Carret\u00f3n; y gerente de Padelicious, Pablo Gonz\u00e1lez.<\/p>\n\n\n\n<p>\u00c1ngel De propios ha indicado que el torneo contar\u00e1 con una exhibici\u00f3n de p\u00e1del adaptado en el que participar\u00e1n personas en silla de ruedas, con el fin de reivindicar la importancia del deporte para todas las personas.<\/p>\n\n\n\n<p>Por su parte, la concejala de Sanidad y Cementerio, Cooperaci\u00f3n, Voluntariado y Empleo Social, la Mila del Campo, ha destacado la relevancia de ASPAYM en la ciudad y Castilla y Le<\/p>\n\n\n\n<p>Este evento se realiza un a\u00f1o m\u00e1s en memoria de Paco Nalda, que fue usuario de ASPAYM Castilla y Le\u00f3n en Burgos desde los inicios de la entidad en la ciudad y se convirti\u00f3 en todo un referente de lucha y superaci\u00f3n.<\/p>\n\n\n\n<p>Las inscripciones est\u00e1n abiertas del 16 al 31 de mayo a trav\u00e9s del correo electr\u00f3nico&nbsp;<a href=\"mailto:events@padelicious.com\">events@padelicious.com<\/a>. Para aquellos que deseen colaborar con ASPAYM Castilla y Le\u00f3n, pero no puedan participar en el torneo, se ha habilitado un dorsal 0 para realizar contribuciones voluntarias.<\/p>\n\n\n\n<p>ASPAYM Castilla y Le\u00f3n se inaugur\u00f3 en la provincia de Burgos en 2015 con el reto de promover la autonom\u00eda y mejorar la calidad de vida de las personas con discapacidad desde una visi\u00f3n integral. Por eso, este centro se presta una especial atenci\u00f3n a las personas con discapacidad sobrevenida: lesi\u00f3n medular grave, da\u00f1o cerebral adquirido y enfermedades neurodegenerativas, que en los \u00faltimos a\u00f1os est\u00e1n aumentando de forma exponencial.<\/p>\n\n\n\n<p>ASPAYM CyL cuenta con un equipo de profesionales multidisciplinares que permiten al centro ofrecer servicio de: fisioterapia, terapia ocupacional, trabajo social, neuropsicolog\u00eda, logopedia, centro de d\u00eda, empleo, actividades de ocio, programa de juventud y transporte.<\/p>\n\n\n\n<p>Al a\u00f1o se realizan en el centro unas 7.500 sesiones de los diferentes tratamientos que ofrece la entidad, adem\u00e1s, en el \u00faltimo a\u00f1o han participado en los programas de empleo 89 personas.<\/p>\n","protected":false},"excerpt":{"rendered":"<p>Los fondos recaudados ir\u00e1n destinados a la modernizaci\u00f3n y mejora de la Unidad de Rehabilitaci\u00f3n Neurol\u00f3gica de ASPAYM CyL en Burgos. Burgos acoger\u00e1 los d\u00edas 8 y 9 de junio el II Torneo de p\u00e1del solidario en memoria de Paco Nalda, organizado por Padelicious y ASPAYM Castilla y Le\u00f3n en colaboraci\u00f3n con el Ayuntamiento de [&hellip;]<\/p>\n","protected":false},"author":10,"featured_media":122490,"comment_status":"closed","ping_status":"closed","sticky":false,"template":"","format":"standard","meta":{"_monsterinsights_skip_tracking":false,"_monsterinsights_sitenote_active":false,"_monsterinsights_sitenote_note":"","_monsterinsights_sitenote_category":0,"footnotes":""},"categories":[15,421],"tags":[1553,1967,1948],"class_list":{"0":"post-122493","1":"post","2":"type-post","3":"status-publish","4":"format-standard","5":"has-post-thumbnail","7":"category-otros","8":"category-padel","9":"tag-actualidad-2","10":"tag-aspaymcl","11":"tag-padel-2"},"views":69,"_links":{"self":[{"href":"https:\/\/www.burgosdeporte.com\/index.php?rest_route=\/wp\/v2\/posts\/122493","targetHints":{"allow":["GET"]}}],"collection":[{"href":"https:\/\/www.burgosdeporte.com\/index.php?rest_route=\/wp\/v2\/posts"}],"about":[{"href":"https:\/\/www.burgosdeporte.com\/index.php?rest_route=\/wp\/v2\/types\/post"}],"author":[{"embeddable":true,"href":"https:\/\/www.burgosdeporte.com\/index.php?rest_route=\/wp\/v2\/users\/10"}],"replies":[{"embeddable":true,"href":"https:\/\/www.burgosdeporte.com\/index.php?rest_route=%2Fwp%2Fv2%2Fcomments&post=122493"}],"version-history":[{"count":2,"href":"https:\/\/www.burgosdeporte.com\/index.php?rest_route=\/wp\/v2\/posts\/122493\/revisions"}],"predecessor-version":[{"id":122495,"href":"https:\/\/www.burgosdeporte.com\/index.php?rest_route=\/wp\/v2\/posts\/122493\/revisions\/122495"}],"wp:featuredmedia":[{"embeddable":true,"href":"https:\/\/www.burgosdeporte.com\/index.php?rest_route=\/wp\/v2\/media\/122490"}],"wp:attachment":[{"href":"https:\/\/www.burgosdeporte.com\/index.php?rest_route=%2Fwp%2Fv2%2Fmedia&parent=122493"}],"wp:term":[{"taxonomy":"category","embeddable":true,"href":"https:\/\/www.burgosdeporte.com\/index.php?rest_route=%2Fwp%2Fv2%2Fcategories&post=122493"},{"taxonomy":"post_tag","embeddable":true,"href":"https:\/\/www.burgosdeporte.com\/index.php?rest_route=%2Fwp%2Fv2%2Ftags&post=122493"}],"curies":[{"name":"wp","href":"https:\/\/api.w.org\/{rel}","templated":true}]}}