{"id":120990,"date":"2024-04-29T11:35:31","date_gmt":"2024-04-29T09:35:31","guid":{"rendered":"https:\/\/www.burgosdeporte.com\/?p=120990"},"modified":"2024-04-29T17:07:14","modified_gmt":"2024-04-29T15:07:14","slug":"de-hielo","status":"publish","type":"post","link":"https:\/\/www.burgosdeporte.com\/?p=120990","title":{"rendered":"De hielo"},"content":{"rendered":"\n<h2 class=\"wp-block-heading\">Comentario de opini\u00f3n de Jairo Velasco sobre la actualidad del Burgos CF<\/h2>\n\n\n\n<p>At\u00edpica primavera la que estamos viviendo en este 2024. D\u00edas de calor cercano a lo veraniego combinados con otros d\u00edas con un fr\u00edo que deja a un lado ese m\u00edtico \u201cfresco burgal\u00e9s\u201d para retrotraernos al m\u00e1s puro invierno. Con lo experimentado el s\u00e1bado no se me ocurre mejor s\u00edmil que este, porque si bien se dice aquello de \u201cBurgos no te dejar\u00e1 fr\u00edo\u201d, todos los que all\u00ed est\u00e1bamos pasamos de la manga corta del play-off a la pelliza m\u00e1s gruesa en solo dos minutos.\u00a0<\/p>\n\n\n\n<p>Todos los titulares de la semana marcaban ese Burgos \u2013 Amorebieta como la primera de las seis finales que nos quedaban de aqu\u00ed al final de temporada para optar a esa cercana promoci\u00f3n con la que parece que tenemos nuestro particular tira y afloja. En t\u00e9rminos ciclistas se llamar\u00eda \u201chacer la goma\u201d, y es que ninguno de los equipos que componemos ese pelot\u00f3n que busca la sexta plaza parece tener la din\u00e1mica necesaria como para escaparse del resto con la fuerza suficiente como para no girar la cabeza estudiando las posibilidades clasificatorias que se abren cada jornada.&nbsp;<\/p>\n\n\n\n<p>Sorprendentemente, pese a todos los golpes recibidos esta temporada, hemos adquirido la habilidad de hacer borr\u00f3n y cuenta nueva jornada tras jornada, no par\u00e1ndonos demasiado en fustigarnos con los errores cometidos y si mirando hacia delante a sabiendas de que una nueva oportunidad se muestra en cada partido. Capacidad mentalmente meritoria pero puede que tambi\u00e9n ra\u00edz de caer siempre en el mismo error, como si no nos hubiera ya castigado.&nbsp;<\/p>\n\n\n\n<p>Una vez m\u00e1s el equipo sali\u00f3 en casa con esa mentalidad de ganador, olvidando lo ocurrido en el derbi, mostrando al rival que si El Plant\u00edo sigue resultando inexpugnable no es una casualidad, con hambre de demostrar que quiere seguir estando arriba y consiguiendo muy pronto una ventaja en el marcador que hac\u00eda prever una tarde tranquila. Pero cuando esa energ\u00eda naturalmente disminuy\u00f3, se mostraron carencias que las ganas hab\u00edan tapado hasta entonces.&nbsp;<\/p>\n\n\n\n<p>En cuanto dicho ritmo de partido baj\u00f3 y el f\u00fatbol fue m\u00e1s posicional, el Burgos fue incapaz de recuperar un bal\u00f3n si no se produc\u00eda por imprecisiones de los visitantes. Las ausencias en el \u201c6\u201d fueron muy sensibles y el equipo ech\u00f3 en falta a ese recuperador que diera equilibrio a un equipo con varios no habituales que no manifest\u00f3 la misma qu\u00edmica que suele mostrar en casa. Eso obligaba a defender cada vez m\u00e1s cerca del \u00e1rea pero sin una idea demasiado clara, intentando que la acumulaci\u00f3n bastara para frenar los ataques de un Amorebieta que tampoco ense\u00f1\u00f3 demasiadas armas ofensivas.<\/p>\n\n\n\n<p>As\u00ed se lleg\u00f3 al descanso y la reanudaci\u00f3n fue similar al inicio de la primera parte, con un alto nivel de activaci\u00f3n y una presi\u00f3n bastante m\u00e1s elevada que dar\u00edan el mismo fruto. Comienzos paralelos que nos podr\u00edan con dos goles de ventaja y la grada pasar\u00eda de la tensi\u00f3n al disfrute, sobre todo en esa in\u00e9dita parada por granizo, en la que los espectadores, e incluso los jugadores que calentaban en el verde, parec\u00edamos dar por hecho que, una vez m\u00e1s, los tres puntos se quedaban en casa.&nbsp;<\/p>\n\n\n\n<p>Y si aqu\u00ed ya sobraba hasta la chaqueta, dos minutos m\u00e1s tarde, no encontr\u00e1bamos calor ni a cobijo de los palcos. El Plant\u00edo estaba acostumbrado a darnos momentos ins\u00f3litos, de los que parecen creados a mala fe y te dejan con cara de tonto durante toda la semana, y aunque llevaban tiempo sin aparecer, ayer decidieron que era buen d\u00eda para que no nos olvid\u00e1ramos de donde venimos.&nbsp;<\/p>\n\n\n\n<p>A\u00fan sigo intentando asimilar ese volantazo que peg\u00f3 el partido, en el que todo planteamiento deja de tener sentido y el descontrol campa a sus anchas convirtiendo en impredecible cada acci\u00f3n que tiene lugar. Hab\u00edamos visto dosis de monta\u00f1a rusa de jornada en jornada, de parte en parte como ocurri\u00f3 contra el Alcorc\u00f3n, pero a\u00fan nos quedaba verla en un pu\u00f1ado de segundos.&nbsp;<\/p>\n\n\n\n<p>Bofetada de realidad de una categor\u00eda en la que ya llevamos tres a\u00f1os pero en la que a\u00fan seguimos aprendiendo cosas. No terminamos de arrancar en este \u00faltimo cuarto de temporada que algunos anunciaban como sencillo teniendo en cuenta que la mayor\u00eda de rivales se encontraban en la zona baja de la clasificaci\u00f3n. Pero como ya he dicho hace unos cuantos p\u00e1rrafos, y aunque parezca una quimera pronosticar una victoria en La Romareda, la clasificaci\u00f3n esta jornada nos sigue dejando vivos y en una situaci\u00f3n pr\u00e1cticamente similar a como est\u00e1bamos este viernes.&nbsp;<\/p>\n\n\n\n<p>Puede que no volvamos a estar tan cerca de algo tan bonito en mucho tiempo, \u00bfy de verdad hay gente que ya est\u00e1 bajando los brazos?. Hasta que haya posibilidades, debe permanecer la esperanza, porque seguimos estando cerca y esta plantilla seguro que a\u00fan tiene alegr\u00edas guardadas para nosotros. \u00a1Al asalto de Zaragoza!.<\/p>\n","protected":false},"excerpt":{"rendered":"<p>Comentario de opini\u00f3n de Jairo Velasco sobre la actualidad del Burgos CF At\u00edpica primavera la que estamos viviendo en este 2024. D\u00edas de calor cercano a lo veraniego combinados con otros d\u00edas con un fr\u00edo que deja a un lado ese m\u00edtico \u201cfresco burgal\u00e9s\u201d para retrotraernos al m\u00e1s puro invierno. Con lo experimentado el s\u00e1bado [&hellip;]<\/p>\n","protected":false},"author":15,"featured_media":120778,"comment_status":"closed","ping_status":"closed","sticky":false,"template":"","format":"standard","meta":{"_monsterinsights_skip_tracking":false,"_monsterinsights_sitenote_active":false,"_monsterinsights_sitenote_note":"","_monsterinsights_sitenote_category":0,"footnotes":""},"categories":[4,14],"tags":[29,1552,834,13],"class_list":{"0":"post-120990","1":"post","2":"type-post","3":"status-publish","4":"format-standard","5":"has-post-thumbnail","7":"category-futbol","8":"category-opinion","9":"tag-burgoscf","10":"tag-destacadas","11":"tag-jairovelasco","12":"tag-opinion"},"views":129,"_links":{"self":[{"href":"https:\/\/www.burgosdeporte.com\/index.php?rest_route=\/wp\/v2\/posts\/120990","targetHints":{"allow":["GET"]}}],"collection":[{"href":"https:\/\/www.burgosdeporte.com\/index.php?rest_route=\/wp\/v2\/posts"}],"about":[{"href":"https:\/\/www.burgosdeporte.com\/index.php?rest_route=\/wp\/v2\/types\/post"}],"author":[{"embeddable":true,"href":"https:\/\/www.burgosdeporte.com\/index.php?rest_route=\/wp\/v2\/users\/15"}],"replies":[{"embeddable":true,"href":"https:\/\/www.burgosdeporte.com\/index.php?rest_route=%2Fwp%2Fv2%2Fcomments&post=120990"}],"version-history":[{"count":1,"href":"https:\/\/www.burgosdeporte.com\/index.php?rest_route=\/wp\/v2\/posts\/120990\/revisions"}],"predecessor-version":[{"id":120991,"href":"https:\/\/www.burgosdeporte.com\/index.php?rest_route=\/wp\/v2\/posts\/120990\/revisions\/120991"}],"wp:featuredmedia":[{"embeddable":true,"href":"https:\/\/www.burgosdeporte.com\/index.php?rest_route=\/wp\/v2\/media\/120778"}],"wp:attachment":[{"href":"https:\/\/www.burgosdeporte.com\/index.php?rest_route=%2Fwp%2Fv2%2Fmedia&parent=120990"}],"wp:term":[{"taxonomy":"category","embeddable":true,"href":"https:\/\/www.burgosdeporte.com\/index.php?rest_route=%2Fwp%2Fv2%2Fcategories&post=120990"},{"taxonomy":"post_tag","embeddable":true,"href":"https:\/\/www.burgosdeporte.com\/index.php?rest_route=%2Fwp%2Fv2%2Ftags&post=120990"}],"curies":[{"name":"wp","href":"https:\/\/api.w.org\/{rel}","templated":true}]}}