{"id":119250,"date":"2024-04-05T11:19:46","date_gmt":"2024-04-05T09:19:46","guid":{"rendered":"https:\/\/www.burgosdeporte.com\/?p=119250"},"modified":"2024-04-07T23:11:19","modified_gmt":"2024-04-07T21:11:19","slug":"bolo-vive-una-temporada-privilegiada-y-asi-quiere-seguir","status":"publish","type":"post","link":"https:\/\/www.burgosdeporte.com\/?p=119250","title":{"rendered":"Bolo vive una temporada \u00abprivilegiada\u00bb y as\u00ed quiere seguir"},"content":{"rendered":"\n<h2 class=\"wp-block-heading\"><em>El entrenador del Burgos recuerda que lo importante es pensar en el partido siguiente y no m\u00e1s all\u00e1 de su futuro. Tiene otro a\u00f1o de contrato con el Burgos CF<\/em>.<\/h2>\n\n\n<div class=\"wp-block-image\">\n<figure class=\"aligncenter size-full\"><img loading=\"lazy\" decoding=\"async\" width=\"298\" height=\"84\" src=\"https:\/\/www.burgosdeporte.com\/wp-content\/uploads\/2023\/09\/ETTMiguel.jpg\" alt=\"\" class=\"wp-image-107990\" srcset=\"https:\/\/www.burgosdeporte.com\/wp-content\/uploads\/2023\/09\/ETTMiguel.jpg 298w, https:\/\/www.burgosdeporte.com\/wp-content\/uploads\/2023\/09\/ETTMiguel-150x42.jpg 150w\" sizes=\"auto, (max-width: 298px) 100vw, 298px\" \/><\/figure>\n<\/div>\n\n\n<p>\u00abQuiero seguir disfrutando de lo que estoy disfrutando este a\u00f1o\u00bb, ha dicho Jon P\u00e9rez Bolo en la ma\u00f1ana de este viernes, en la previa del partido ante el Villarreal B. El entrenador vizca\u00edno se muestra contento con lo que el Burgos CF est\u00e1 haciendo esta temporada. \u00abPara el cuerpo t\u00e9cnico, tener un vestuario como el que tenemos es un privilegio, estar en un club que tiene esta unidad tambi\u00e9n es importante para poder trabajar\u2026 las instalaciones que tenemos, la afici\u00f3n\u2026 estamos encantados y disfrutamos del d\u00eda a d\u00eda.&nbsp;<\/p>\n\n\n\n<p>Con respecto al partido del domingo a las 16.15 horas frente al filial del Villarreal CF, el Burgos lo afronta con la baja de K\u00e9vin Appin. Para suplirlo, Bolo ha apuntado que el cuadro t\u00e9cnico tiene \u00abvarias opciones y estamos evaluando qui\u00e9n se va y hasta el domingo\u00bb, aseguraba Bolo quien no quiere revelar sus cartas, aunque sabe que todos los entrenadores conocen a todos los equipos y saben las opciones que se manejan.&nbsp;<\/p>\n\n\n\n<p>En concreto, el m\u00edster vizca\u00edno tiene la opci\u00f3n de Elgezabal, que parece la m\u00e1s propicia dado el rival y el esquema que usa, o Joni Montiel \u00abque tambi\u00e9n tiene opciones porque ha jugado en esa posici\u00f3n\u00bb.<\/p>\n\n\n\n<p>No da importancia a que no pueda estar en el banquillo por sanci\u00f3n en los partidos contra el Villarreal y contra el Racing aunque es cierto que al entrenador le gusta \u00abestar cerca de mis pero mientras yo no pueda estar, Pablo o Mart\u00edn van a hacer lo mismo que yo en la banda\u00bb<\/p>\n\n\n\n<p>Reconoce que el filial amarillo es uno de los equipos m\u00e1s at\u00edpico, \u00abcon calidad, gente joven, que a veces se pero creo que es un buen equipo, y va a a ser un partido complicado\u00bb. \u00abHemos llegado aqu\u00ed y lo que queremos es seguir ah\u00ed y vamos a luchar por ello, no se me ocurre otra cosa que ganarle al Villarreal y seguir disfrutando\u00bb.<\/p>\n\n\n\n<p>&#8211;<\/p>\n","protected":false},"excerpt":{"rendered":"<p>El entrenador del Burgos recuerda que lo importante es pensar en el partido siguiente y no m\u00e1s all\u00e1 de su futuro. Tiene otro a\u00f1o de contrato con el Burgos CF. \u00abQuiero seguir disfrutando de lo que estoy disfrutando este a\u00f1o\u00bb, ha dicho Jon P\u00e9rez Bolo en la ma\u00f1ana de este viernes, en la previa del [&hellip;]<\/p>\n","protected":false},"author":21,"featured_media":119251,"comment_status":"closed","ping_status":"closed","sticky":false,"template":"","format":"standard","meta":{"_monsterinsights_skip_tracking":false,"_monsterinsights_sitenote_active":false,"_monsterinsights_sitenote_note":"","_monsterinsights_sitenote_category":0,"footnotes":""},"categories":[4],"tags":[29,1552,573,652],"class_list":{"0":"post-119250","1":"post","2":"type-post","3":"status-publish","4":"format-standard","5":"has-post-thumbnail","7":"category-futbol","8":"tag-burgoscf","9":"tag-destacadas","10":"tag-jonperezbolo","11":"tag-villarreal"},"views":70,"_links":{"self":[{"href":"https:\/\/www.burgosdeporte.com\/index.php?rest_route=\/wp\/v2\/posts\/119250","targetHints":{"allow":["GET"]}}],"collection":[{"href":"https:\/\/www.burgosdeporte.com\/index.php?rest_route=\/wp\/v2\/posts"}],"about":[{"href":"https:\/\/www.burgosdeporte.com\/index.php?rest_route=\/wp\/v2\/types\/post"}],"author":[{"embeddable":true,"href":"https:\/\/www.burgosdeporte.com\/index.php?rest_route=\/wp\/v2\/users\/21"}],"replies":[{"embeddable":true,"href":"https:\/\/www.burgosdeporte.com\/index.php?rest_route=%2Fwp%2Fv2%2Fcomments&post=119250"}],"version-history":[{"count":2,"href":"https:\/\/www.burgosdeporte.com\/index.php?rest_route=\/wp\/v2\/posts\/119250\/revisions"}],"predecessor-version":[{"id":119253,"href":"https:\/\/www.burgosdeporte.com\/index.php?rest_route=\/wp\/v2\/posts\/119250\/revisions\/119253"}],"wp:featuredmedia":[{"embeddable":true,"href":"https:\/\/www.burgosdeporte.com\/index.php?rest_route=\/wp\/v2\/media\/119251"}],"wp:attachment":[{"href":"https:\/\/www.burgosdeporte.com\/index.php?rest_route=%2Fwp%2Fv2%2Fmedia&parent=119250"}],"wp:term":[{"taxonomy":"category","embeddable":true,"href":"https:\/\/www.burgosdeporte.com\/index.php?rest_route=%2Fwp%2Fv2%2Fcategories&post=119250"},{"taxonomy":"post_tag","embeddable":true,"href":"https:\/\/www.burgosdeporte.com\/index.php?rest_route=%2Fwp%2Fv2%2Ftags&post=119250"}],"curies":[{"name":"wp","href":"https:\/\/api.w.org\/{rel}","templated":true}]}}