{"id":118597,"date":"2024-03-21T18:56:42","date_gmt":"2024-03-21T16:56:42","guid":{"rendered":"https:\/\/www.burgosdeporte.com\/?p=118597"},"modified":"2024-03-21T18:58:27","modified_gmt":"2024-03-21T16:58:27","slug":"el-servigest-burgos-visita-el-ceip-jueces-de-castilla-en-las-jornadas-del-deporte","status":"publish","type":"post","link":"https:\/\/www.burgosdeporte.com\/?p=118597","title":{"rendered":"El Servigest Burgos visita el CEIP Jueces de Castilla en las Jornadas del Deporte"},"content":{"rendered":"\n<p class=\"has-text-align-right\">(<em>Fotograf\u00edas: APDB\/Fernando Miguel<\/em>)<\/p>\n\n\n\n<p>El Servigest Burgos ha compartido en la ma\u00f1ana de este jueves una jornada con los alumnos y las alumnas de varios cursos de Educaci\u00f3n Primaria del CEIP Jueces de Castilla, que ha comenzado en el polideportivo del centro escolar.<\/p>\n\n\n\n<p>Nueve miembros del equipo burgal\u00e9s de baloncesto adaptado han formado parte de la visita: Abdoul Aziz, Helen Freeman, Efrain \u2018Flaco\u2019 Mart\u00ednez, Pablo Ubri, Helder da Silva, Yonatan Frontaura, Ettali Ayoub, Miguel Nieto y Cruz Ruiz.<\/p>\n\n\n\n<p>Helder da Silva ha dado a conocer a sus compa\u00f1eros del equipo en una din\u00e1mica presentaci\u00f3n en la que se ha relatado c\u00f3mo la situaci\u00f3n vital de cada uno de ellos les llev\u00f3 a jugar a baloncesto adaptado.<\/p>\n\n\n\n<p>Despu\u00e9s, Yonatan Frontaura ha explicado las reglas para competir en el deporte, que han seguido atentamente los estudiantes del centro escolar, junto a los que han conformado los posibles quintetos con los jugadores presentes.<\/p>\n\n\n\n<p>En la segunda parte de la jornada, el Servigest Burgos y los alumnos del CEIP Jueces de Castilla han salido al patio para disfrutar de primera mano del baloncesto adaptado. Los estudiantes, y finalmente tambi\u00e9n sus profesores, han tenido la oportunidad de probar las sillas de ruedas y desenvolverse sobre la cancha junto a los jugadores del equipo burgal\u00e9s.<\/p>\n\n\n\n<figure class=\"wp-block-image size-large\"><img loading=\"lazy\" decoding=\"async\" width=\"1024\" height=\"625\" src=\"https:\/\/www.burgosdeporte.com\/wp-content\/uploads\/2024\/03\/Jornadas-del-Deporte-Burgales-2024-Servigest-Burgos-en-CEIP-Jueces-de-Castilla-2-1024x625.jpg\" alt=\"\" class=\"wp-image-118600\" srcset=\"https:\/\/www.burgosdeporte.com\/wp-content\/uploads\/2024\/03\/Jornadas-del-Deporte-Burgales-2024-Servigest-Burgos-en-CEIP-Jueces-de-Castilla-2-1024x625.jpg 1024w, https:\/\/www.burgosdeporte.com\/wp-content\/uploads\/2024\/03\/Jornadas-del-Deporte-Burgales-2024-Servigest-Burgos-en-CEIP-Jueces-de-Castilla-2-300x183.jpg 300w, https:\/\/www.burgosdeporte.com\/wp-content\/uploads\/2024\/03\/Jornadas-del-Deporte-Burgales-2024-Servigest-Burgos-en-CEIP-Jueces-de-Castilla-2-768x468.jpg 768w, https:\/\/www.burgosdeporte.com\/wp-content\/uploads\/2024\/03\/Jornadas-del-Deporte-Burgales-2024-Servigest-Burgos-en-CEIP-Jueces-de-Castilla-2-150x92.jpg 150w, https:\/\/www.burgosdeporte.com\/wp-content\/uploads\/2024\/03\/Jornadas-del-Deporte-Burgales-2024-Servigest-Burgos-en-CEIP-Jueces-de-Castilla-2-696x425.jpg 696w, https:\/\/www.burgosdeporte.com\/wp-content\/uploads\/2024\/03\/Jornadas-del-Deporte-Burgales-2024-Servigest-Burgos-en-CEIP-Jueces-de-Castilla-2-1068x651.jpg 1068w, https:\/\/www.burgosdeporte.com\/wp-content\/uploads\/2024\/03\/Jornadas-del-Deporte-Burgales-2024-Servigest-Burgos-en-CEIP-Jueces-de-Castilla-2.jpg 1200w\" sizes=\"auto, (max-width: 1024px) 100vw, 1024px\" \/><\/figure>\n","protected":false},"excerpt":{"rendered":"<p>(Fotograf\u00edas: APDB\/Fernando Miguel) El Servigest Burgos ha compartido en la ma\u00f1ana de este jueves una jornada con los alumnos y las alumnas de varios cursos de Educaci\u00f3n Primaria del CEIP Jueces de Castilla, que ha comenzado en el polideportivo del centro escolar. Nueve miembros del equipo burgal\u00e9s de baloncesto adaptado han formado parte de la [&hellip;]<\/p>\n","protected":false},"author":12,"featured_media":118598,"comment_status":"closed","ping_status":"closed","sticky":false,"template":"","format":"standard","meta":{"_monsterinsights_skip_tracking":false,"_monsterinsights_sitenote_active":false,"_monsterinsights_sitenote_note":"","_monsterinsights_sitenote_category":0,"footnotes":""},"categories":[81,15],"tags":[1553,398,82,83,1846,84],"class_list":{"0":"post-118597","1":"post","2":"type-post","3":"status-publish","4":"format-standard","5":"has-post-thumbnail","7":"category-baloncesto-silla-de-ruedas","8":"category-otros","9":"tag-actualidad-2","10":"tag-apdburgos","11":"tag-baloncestobsr","12":"tag-cidbsr","13":"tag-jornadasdeldeporteburgales-2","14":"tag-servigestburgos"},"views":364,"_links":{"self":[{"href":"https:\/\/www.burgosdeporte.com\/index.php?rest_route=\/wp\/v2\/posts\/118597","targetHints":{"allow":["GET"]}}],"collection":[{"href":"https:\/\/www.burgosdeporte.com\/index.php?rest_route=\/wp\/v2\/posts"}],"about":[{"href":"https:\/\/www.burgosdeporte.com\/index.php?rest_route=\/wp\/v2\/types\/post"}],"author":[{"embeddable":true,"href":"https:\/\/www.burgosdeporte.com\/index.php?rest_route=\/wp\/v2\/users\/12"}],"replies":[{"embeddable":true,"href":"https:\/\/www.burgosdeporte.com\/index.php?rest_route=%2Fwp%2Fv2%2Fcomments&post=118597"}],"version-history":[{"count":1,"href":"https:\/\/www.burgosdeporte.com\/index.php?rest_route=\/wp\/v2\/posts\/118597\/revisions"}],"predecessor-version":[{"id":118601,"href":"https:\/\/www.burgosdeporte.com\/index.php?rest_route=\/wp\/v2\/posts\/118597\/revisions\/118601"}],"wp:featuredmedia":[{"embeddable":true,"href":"https:\/\/www.burgosdeporte.com\/index.php?rest_route=\/wp\/v2\/media\/118598"}],"wp:attachment":[{"href":"https:\/\/www.burgosdeporte.com\/index.php?rest_route=%2Fwp%2Fv2%2Fmedia&parent=118597"}],"wp:term":[{"taxonomy":"category","embeddable":true,"href":"https:\/\/www.burgosdeporte.com\/index.php?rest_route=%2Fwp%2Fv2%2Fcategories&post=118597"},{"taxonomy":"post_tag","embeddable":true,"href":"https:\/\/www.burgosdeporte.com\/index.php?rest_route=%2Fwp%2Fv2%2Ftags&post=118597"}],"curies":[{"name":"wp","href":"https:\/\/api.w.org\/{rel}","templated":true}]}}