{"id":118144,"date":"2024-03-15T13:10:41","date_gmt":"2024-03-15T11:10:41","guid":{"rendered":"https:\/\/www.burgosdeporte.com\/?p=118144"},"modified":"2024-03-16T02:03:43","modified_gmt":"2024-03-16T00:03:43","slug":"bolo-el-equipo-quiere-devolver-a-la-aficion-el-carino-lo-de-oviedo-fue-increible","status":"publish","type":"post","link":"https:\/\/www.burgosdeporte.com\/?p=118144","title":{"rendered":"Bolo: \u201cEl equipo quiere devolver a la afici\u00f3n el cari\u00f1o; lo de Oviedo fue incre\u00edble\u201d"},"content":{"rendered":"\n<h2 class=\"wp-block-heading\"><em>Jon P\u00e9rez Bolo ha reconocido que \u201cnunca\u201d hab\u00eda vivido cosa igual en todas su carrera deportiva y por eso quiere \u201cseguir disfrutando, quiero seguir ganando partidos, quiero que el equipo est\u00e9 enchufado y no pensando en otras cosas que no nos sirven de nada\u201d<\/em><\/h2>\n\n\n<div class=\"wp-block-image\">\n<figure class=\"aligncenter size-full\"><img loading=\"lazy\" decoding=\"async\" width=\"300\" height=\"250\" src=\"https:\/\/www.burgosdeporte.com\/wp-content\/uploads\/2024\/03\/BuDeporte-Camperiz.gif\" alt=\"\" class=\"wp-image-117252\"\/><\/figure>\n<\/div>\n\n\n<p>El entrenador del Burgos CF, Jon P\u00e9rez Bolo, quiere pensar s\u00f3lo en el rival que le corresponde al equipo cada jornada, en este caso el Levante UD, pero no puede olvidar la reacci\u00f3n de la afici\u00f3n tras el 5-0 en Oviedo con la ovaci\u00f3n tras el partido, algo que el m\u00e1ximo responsable de la plantilla \u201cnunca\u201d hab\u00eda vivido. Y por eso la plantilla \u201cquiere devolver\u201d ese cari\u00f1o a la gente.<\/p>\n\n\n\n<p>Cree Bolo que no es momento de pensar en el futuro y de planificar la pr\u00f3xima temporada. Quiere a su equipo centrado y no va m\u00e1s all\u00e1 de la siguiente semana. Estar en puestos de promoci\u00f3n es un aliciente, una ilusi\u00f3n y quiere \u201cla presi\u00f3n porque es buena\u201d a pesar de que no sea la misma que recae en otros clubes que buscan imperiosamente el ascenso a Primera.<\/p>\n\n\n\n<p>\u201cNo \u00e9ramos uno de los equipos a estar llamados a estar ah\u00ed arriba\u201d, reconoce el m\u00edster. Cuando empez\u00f3 la temporada \u201cten\u00edamos much\u00edsima ilusi\u00f3n, sabemos lo que es el f\u00fatbol, sabemos lo que es esta Segunda Divisi\u00f3n y que si haces las cosas bien vas a tener oportunidades de conseguir lo que estamos consiguiendo nosotros ahora\u201d.<\/p>\n\n\n\n<p>Por eso cree \u201cque hasta cierto punto esa presi\u00f3n es buena porque te hace no relajarte y nosotros ahora no nos tenemos que relajar, tenemos que seguir igual; nos ha costado mucho estar donde estamos y hay que convivir con esa presi\u00f3n\u201d, sentenciaba.<\/p>\n\n\n\n<p>Reconoce que su equipo \u201cva de menos a m\u00e1s\u201d, pero \u201ctodav\u00eda no hemos conseguido nada y queda un trayecto largo por recorrer\u201d, pero lo que hablamos siempre.&nbsp; Con el objetivo cumplido quieren \u201cseguir en esos puestos, pero para para ello tenemos que trabajar&nbsp; bien y ganando partidos\u201d y el rival de este s\u00e1bado a las 14.00 horas \u201cel a\u00f1o pasado se qued\u00f3 a un minuto de poder estar en Primera Divisi\u00f3n este a\u00f1o\u201d.&nbsp; Alab\u00f3 al m\u00edster Felipe Mi\u00f1ambres, el t\u00e9cnico leon\u00e9s que empez\u00f3 a entrenar con los granotas.<\/p>\n\n\n\n<p>Pero no teme Bolo al Levante&nbsp; aunque s\u00ed lo respeta y conf\u00eda en su equipo porque \u201clo que estamos consiguiendo lo hemos conseguido a base de picar mucha piedra\u201d y ahora el equipo est\u00e1 recogiendo \u201ctodo el fruto que llevamos sembrando durante mucho tiempo\u201d.<\/p>\n\n\n\n<p>La realidad es que lo que queda de temporada va a ser \u201cilusionante y tenemos que disfrutarlo\u201d, pero sin olvida la m\u00e1xima de&nbsp; \u201ctrabajo, humildad, partido a partido y a final de temporada veremos hasta donde hemos sido capaces de llegar\u201d.<\/p>\n\n\n\n<p>Bolo cuenta con toda la plantilla a excepci\u00f3n de Salvelijch y Ra\u00fal Navarro, lesionados de larga duraci\u00f3n. Est\u00e1 alerta, aunque sin una preocupaci\u00f3n excesiva, por los cinco apercibidos, con cuatro amarillas, y que de ver una cartulina m\u00e1s tendr\u00edan un partido de sanci\u00f3n, pero tampoco es agobiante ya que son circunstancias de la competici\u00f3n.<br><\/p>\n","protected":false},"excerpt":{"rendered":"<p>Jon P\u00e9rez Bolo ha reconocido que \u201cnunca\u201d hab\u00eda vivido cosa igual en todas su carrera deportiva y por eso quiere \u201cseguir disfrutando, quiero seguir ganando partidos, quiero que el equipo est\u00e9 enchufado y no pensando en otras cosas que no nos sirven de nada\u201d El entrenador del Burgos CF, Jon P\u00e9rez Bolo, quiere pensar s\u00f3lo [&hellip;]<\/p>\n","protected":false},"author":21,"featured_media":118146,"comment_status":"closed","ping_status":"closed","sticky":false,"template":"","format":"standard","meta":{"_monsterinsights_skip_tracking":false,"_monsterinsights_sitenote_active":false,"_monsterinsights_sitenote_note":"","_monsterinsights_sitenote_category":0,"footnotes":""},"categories":[4],"tags":[29,1552,573,182],"class_list":{"0":"post-118144","1":"post","2":"type-post","3":"status-publish","4":"format-standard","5":"has-post-thumbnail","7":"category-futbol","8":"tag-burgoscf","9":"tag-destacadas","10":"tag-jonperezbolo","11":"tag-udlevante"},"views":61,"_links":{"self":[{"href":"https:\/\/www.burgosdeporte.com\/index.php?rest_route=\/wp\/v2\/posts\/118144","targetHints":{"allow":["GET"]}}],"collection":[{"href":"https:\/\/www.burgosdeporte.com\/index.php?rest_route=\/wp\/v2\/posts"}],"about":[{"href":"https:\/\/www.burgosdeporte.com\/index.php?rest_route=\/wp\/v2\/types\/post"}],"author":[{"embeddable":true,"href":"https:\/\/www.burgosdeporte.com\/index.php?rest_route=\/wp\/v2\/users\/21"}],"replies":[{"embeddable":true,"href":"https:\/\/www.burgosdeporte.com\/index.php?rest_route=%2Fwp%2Fv2%2Fcomments&post=118144"}],"version-history":[{"count":2,"href":"https:\/\/www.burgosdeporte.com\/index.php?rest_route=\/wp\/v2\/posts\/118144\/revisions"}],"predecessor-version":[{"id":118149,"href":"https:\/\/www.burgosdeporte.com\/index.php?rest_route=\/wp\/v2\/posts\/118144\/revisions\/118149"}],"wp:featuredmedia":[{"embeddable":true,"href":"https:\/\/www.burgosdeporte.com\/index.php?rest_route=\/wp\/v2\/media\/118146"}],"wp:attachment":[{"href":"https:\/\/www.burgosdeporte.com\/index.php?rest_route=%2Fwp%2Fv2%2Fmedia&parent=118144"}],"wp:term":[{"taxonomy":"category","embeddable":true,"href":"https:\/\/www.burgosdeporte.com\/index.php?rest_route=%2Fwp%2Fv2%2Fcategories&post=118144"},{"taxonomy":"post_tag","embeddable":true,"href":"https:\/\/www.burgosdeporte.com\/index.php?rest_route=%2Fwp%2Fv2%2Ftags&post=118144"}],"curies":[{"name":"wp","href":"https:\/\/api.w.org\/{rel}","templated":true}]}}