{"id":117964,"date":"2024-03-12T02:00:33","date_gmt":"2024-03-12T00:00:33","guid":{"rendered":"https:\/\/www.burgosdeporte.com\/?p=117964"},"modified":"2024-03-12T17:10:23","modified_gmt":"2024-03-12T15:10:23","slug":"con-los-pies-en-las-nubes","status":"publish","type":"post","link":"https:\/\/www.burgosdeporte.com\/?p=117964","title":{"rendered":"Con los pies en las nubes"},"content":{"rendered":"\n<h2 class=\"wp-block-heading\">Art\u00edculo de opini\u00f3n de Jairo Velasco sobre la actualidad del Burgos CF.<\/h2>\n\n\n\n<p>Gran reto el que ten\u00edamos por delante en Ipurua; Estadio inexpugnable en las anteriores dos visitas en nuestra nueva andadura por la categor\u00eda de plata del f\u00fatbol nacional y ante un Eibar que en su tercera temporada consecutiva en Segunda Divisi\u00f3n quiere quitarse definitivamente los fantasmas de los dos traum\u00e1ticos finales anteriores con un ascenso directo que le evite pasar por nuevos malos tragos.<\/p>\n\n\n\n<p>Ning\u00fan burgalesista puede negar que durante esta semana ha tenido la ilusi\u00f3n de por fin asaltar el estadio armero, quiz\u00e1s impulsados por las dos victorias en casa que nos hab\u00edan acercado m\u00e1s que nunca a ese so\u00f1ado play-off, toc\u00e1ndolo con los dedos hasta la victoria del Elche en el \u00faltimo partido de la jornada. Pero a la vez no quer\u00edamos perder la perspectiva de realidad de lo complicado de la haza\u00f1a, y m\u00e1s con las \u00faltimas experiencias fuera de casa, que a priori pon\u00edan a\u00fan m\u00e1s piedras sobre la posible gesta.<\/p>\n\n\n\n<p>Ni en la mente del aficionado m\u00e1s positivo pod\u00eda vislumbrarse el desenlace de la historia, y no solo por el resultado, si no por la imagen, por la superioridad que el Burgos demostr\u00f3 desde que el bal\u00f3n se puso en juego, por la ausencia de dudas, por la seriedad y por la firmeza del mensaje. Noventa minutos de sufrimiento, pero tambi\u00e9n de disfrute; De ver una lucha de t\u00fa a t\u00fa con uno de los gallos de la categor\u00eda, hasta que conseguimos doblegarle por m\u00e9ritos propios.<\/p>\n\n\n\n<p>La fuerza de toda una ciudad representada por once jugadores de blanco que se dejaron cada gramo de energ\u00eda en el estadio eibarr\u00e9s, ante unas condiciones que evocan a ese f\u00fatbol de siempre, el que nos gusta. M\u00e1s de cuatrocientos desplazados que no negocian dejar solo a un equipo, que ahora est\u00e1 en la cresta de la ola, pero que hace tres semanas fue impulsado tras el varapalo de Oviedo. Ah\u00ed es donde se encendi\u00f3 la mecha.<\/p>\n\n\n\n<p>Y otros miles que no pudimos acompa\u00f1ar al equipo, pero que ten\u00edamos el alma puesta all\u00ed, llenando los bares de los barrios en los que no se preguntaba por el partido del Real Madrid, si no que se repet\u00eda un: \u201cperd\u00f3n, \u00bfvais a poner al Burgos? A\u00fan aqu\u00ed, lejos de la localidad guipuzcoana, mi cabeza estaba en la grada, porque los que hemos viajado mil y una veces siempre nos ponemos en la piel de los que hacen kil\u00f3metros, los que se dejan dinero con la esperanza de llevarse una alegr\u00eda y tener la sensaci\u00f3n de que las horas de coche o autob\u00fas han merecido la pena.<\/p>\n\n\n\n<p>La mentalidad de la ciudad ha cambiado. Ligeros murmullos tras el segundo gol merengue empa\u00f1ados por la explosi\u00f3n que se dio con el gol de Fer Ni\u00f1o, que llev\u00f3 al \u00e9xtasis a propios y extra\u00f1os, fundi\u00e9ndose en abrazos unidos por todo lo que significa llevar el mismo escudo bordado en el pecho.<\/p>\n\n\n\n<p>Con un director de orquesta al que deseamos verle la sonrisa en cada entrevista o cada rueda de prensa, porque si lo hace, es que las cosas han salido bien. Un Jon Perez Bolo que pese a todo y a todos ha seguido creyendo en su trabajo, en los suyos y en su m\u00e9todo, que parece haber formado una pi\u00f1a con una causa com\u00fan, quiz\u00e1s a base de m\u00faltiples golpes que han endurecido el bloque y que ahora tiene un hambre voraz por lograr objetivos que no eran de su competencia all\u00e1 por el mes de septiembre.<\/p>\n\n\n\n<p>Lunes de mirar la clasificaci\u00f3n una y otra vez, de sonrisas en el trabajo y de acordarse de los de siempre. En definitiva de disfrutar del momento. Tambi\u00e9n de c\u00e1valas, de estudiar a nuestros siguiente rivales y de elucubrar cual ser\u00e1 nuestro destino en las jornadas que nos quedan. Ilusi\u00f3n a raudales, pero ahora ya definitivamente acompa\u00f1ada de realidad, que nos hacen estar en las nubes, pero con los pies en la tierra.<\/p>\n\n\n\n<p>Lo \u00fanico que est\u00e1 claro es que el equipo nos necesita, pero que tambi\u00e9n nosotros necesitamos al equipo. Ya todos pensamos en el s\u00e1bado a las dos de la tarde, con ganas de incendiar El Plant\u00edo, con ganas de seguir creciendo y de aprovechar nuestra oportunidad; porque si ya en alg\u00fan otro comentario he hablado de caldo de cultivo, este cada vez se est\u00e1 concentrando m\u00e1s, cogiendo m\u00e1s fuerza y con visos de poder hacer historia.<\/p>\n","protected":false},"excerpt":{"rendered":"<p>Art\u00edculo de opini\u00f3n de Jairo Velasco sobre la actualidad del Burgos CF. Gran reto el que ten\u00edamos por delante en Ipurua; Estadio inexpugnable en las anteriores dos visitas en nuestra nueva andadura por la categor\u00eda de plata del f\u00fatbol nacional y ante un Eibar que en su tercera temporada consecutiva en Segunda Divisi\u00f3n quiere quitarse [&hellip;]<\/p>\n","protected":false},"author":15,"featured_media":117965,"comment_status":"closed","ping_status":"closed","sticky":false,"template":"","format":"standard","meta":{"_monsterinsights_skip_tracking":false,"_monsterinsights_sitenote_active":false,"_monsterinsights_sitenote_note":"","_monsterinsights_sitenote_category":0,"footnotes":""},"categories":[4,14],"tags":[29,1552,834,13],"class_list":{"0":"post-117964","1":"post","2":"type-post","3":"status-publish","4":"format-standard","5":"has-post-thumbnail","7":"category-futbol","8":"category-opinion","9":"tag-burgoscf","10":"tag-destacadas","11":"tag-jairovelasco","12":"tag-opinion"},"views":65,"_links":{"self":[{"href":"https:\/\/www.burgosdeporte.com\/index.php?rest_route=\/wp\/v2\/posts\/117964","targetHints":{"allow":["GET"]}}],"collection":[{"href":"https:\/\/www.burgosdeporte.com\/index.php?rest_route=\/wp\/v2\/posts"}],"about":[{"href":"https:\/\/www.burgosdeporte.com\/index.php?rest_route=\/wp\/v2\/types\/post"}],"author":[{"embeddable":true,"href":"https:\/\/www.burgosdeporte.com\/index.php?rest_route=\/wp\/v2\/users\/15"}],"replies":[{"embeddable":true,"href":"https:\/\/www.burgosdeporte.com\/index.php?rest_route=%2Fwp%2Fv2%2Fcomments&post=117964"}],"version-history":[{"count":1,"href":"https:\/\/www.burgosdeporte.com\/index.php?rest_route=\/wp\/v2\/posts\/117964\/revisions"}],"predecessor-version":[{"id":117966,"href":"https:\/\/www.burgosdeporte.com\/index.php?rest_route=\/wp\/v2\/posts\/117964\/revisions\/117966"}],"wp:featuredmedia":[{"embeddable":true,"href":"https:\/\/www.burgosdeporte.com\/index.php?rest_route=\/wp\/v2\/media\/117965"}],"wp:attachment":[{"href":"https:\/\/www.burgosdeporte.com\/index.php?rest_route=%2Fwp%2Fv2%2Fmedia&parent=117964"}],"wp:term":[{"taxonomy":"category","embeddable":true,"href":"https:\/\/www.burgosdeporte.com\/index.php?rest_route=%2Fwp%2Fv2%2Fcategories&post=117964"},{"taxonomy":"post_tag","embeddable":true,"href":"https:\/\/www.burgosdeporte.com\/index.php?rest_route=%2Fwp%2Fv2%2Ftags&post=117964"}],"curies":[{"name":"wp","href":"https:\/\/api.w.org\/{rel}","templated":true}]}}