{"id":117471,"date":"2024-03-05T12:16:32","date_gmt":"2024-03-05T10:16:32","guid":{"rendered":"https:\/\/www.burgosdeporte.com\/?p=117471"},"modified":"2024-03-06T14:43:06","modified_gmt":"2024-03-06T12:43:06","slug":"disfrutando-del-camino","status":"publish","type":"post","link":"https:\/\/www.burgosdeporte.com\/?p=117471","title":{"rendered":"Disfrutando del camino"},"content":{"rendered":"\n<h2 class=\"wp-block-heading\">Comentario de opini\u00f3n de Jairo Velasco sobre la actualidad del Burgos CF.<\/h2>\n\n\n\n<p>Resulta muy complicado no caer en los t\u00f3picos en un f\u00fatbol en el que ya est\u00e1 todo visto e inventado: si hubi\u00e9semos ganado un par m\u00e1s de partidos fuera, si di\u00e9ramos la misma cara cuando viajamos lejos de casa que en El Plant\u00edo, si los delanteros marcaran m\u00e1s goles, etc. Somos un pa\u00eds de entrenadores, sobre todo cuando leemos el peri\u00f3dico del lunes.<\/p>\n\n\n\n<p>D\u00e1ndole unas vueltas a la cabeza dentro de la resaca que nos ha dejado el partido contra el Cartagena, quiero dejar mis conclusiones que quiz\u00e1s nos hagan recuperar un poco la perspectiva de lo que estamos viviendo, porque el f\u00fatbol es un deporte muy exigente, en el que solo cuenta el domingo, dando poca importancia a lo que ha ocurrido un mes atr\u00e1s. Tampoco me quiero ir muy lejos, porque ya hemos o\u00eddo mucho aquel discurso de \u201ccuando el Burgos estaba en Tercera y \u00e9ramos dos mil en el campo\u201d y esa no es nuestra realidad actual.<\/p>\n\n\n\n<p>Este es nuestro tercer a\u00f1o consecutivo en la categor\u00eda de plata, desde aquel bendito veintitr\u00e9s de mayo en Almendralejo cuando conseguimos escapar del barro en que estuvimos a un paso de ahogarnos. Tres a\u00f1os con bastantes m\u00e1s alegr\u00edas que penas, en los que hemos vivido sensaciones que \u00fanicamente hab\u00edamos o\u00eddo relatar a los m\u00e1s experimentados del lugar, y de las que todos seguro que tenemos im\u00e1genes guardadas en nuestro \u00e1lbum mental.<\/p>\n\n\n\n<p>Pese a todo y todos, cada a\u00f1o se ha ido dando un paso m\u00e1s con el que ilusionar a la afici\u00f3n. Un primer a\u00f1o con un inicio complicado pero en el que el grupo fue fundamental para lograr una salvaci\u00f3n c\u00f3moda, y qui\u00e9n sabe qu\u00e9 hubiera pasado si ese penalti de Juanma contra el Real Oviedo hubiese tocado red. El segundo a\u00f1o con un liderato oliendo a mortadela, de m\u00e1s a menos, pero disfrutado como nunca.<\/p>\n\n\n\n<p>Y ya llegamos a la actualidad. Ya no hay que decir con timidez que estamos en la pomada, y no creo que nadie piense que sea por casualidad. Casi todos los equipos tienen mejores presupuestos, mejores jugadores, mejores instalaciones, pero el caldo de cultivo que se est\u00e1 generando con los ingredientes que tenemos en el campo y la ciudad solo puede invitar al optimismo.<\/p>\n\n\n\n<p>Lo dec\u00eda la semana pasada y me reitero en este comentario: da gusto ver jugar a este equipo. No somos los que m\u00e1s posesi\u00f3n tenemos, ni los que m\u00e1s ocasiones generamos, pero probablemente s\u00ed que seamos los que m\u00e1s clara tienen la idea de qu\u00e9 hacer con el bal\u00f3n cuando est\u00e1 en nuestras botas. Un f\u00fatbol atractivo, contundente y vertical, en el que Bolo ha ido probando piezas hasta dar con el puzle perfecto. Lo digo de memoria pero creo que este fin de semana es el primer partido en el que el vizca\u00edno repite la alineaci\u00f3n de la jornada anterior y el sentir general de la afici\u00f3n es que pocos cambios podr\u00edan mejorar lo visto.<\/p>\n\n\n\n<p>Ya no somos la Cenicienta, y hay muchos m\u00e1s motivos para decirlo que por vernos ah\u00ed arriba en la clasificaci\u00f3n, code\u00e1ndonos con los poderosos. Los dos \u00faltimos equipos a los que nos hemos encontrado han venido a Burgos con defensa de cinco; Quiz\u00e1s muy esperable en un Cartagena que ha remontado el vuelo bas\u00e1ndose en la fortaleza defensiva, pero sorprendente en un Sporting que hizo la probatura para intentar salir ileso de nuestro feudo, aunque ya sabemos cu\u00e1l fue el resultado. El rival nos teme, y a nosotros nos est\u00e1 dejando de importar el rival; Aqu\u00ed ya no hay miedo a nadie.<\/p>\n\n\n\n<p>Y en este punto quiero acordarme de qui\u00e9n nos ense\u00f1\u00f3 a competir, a disfrutar del punto en el que est\u00e1bamos en cada momento, incluso cuando las cosas no iban bien, porque seguro que as\u00ed valor\u00e1bamos m\u00e1s las buenas. Hablo de alguien que nos visit\u00f3 el s\u00e1bado, no de la forma en la que nos hubiera gustado, porque se merec\u00eda volver con todos los honores, Don Juli\u00e1n Calero Fern\u00e1ndez. Su f\u00fatbol podr\u00eda gustar m\u00e1s o menos, pero mucho del car\u00e1cter que ahora tenemos se lo debemos a \u00e9l.<\/p>\n\n\n\n<p>En muchos de sus hipn\u00f3ticos discursos sol\u00eda repetir aquello de que lo importante en la vida no era la meta, si no disfrutar del camino hacia ella, de qui\u00e9n te acompa\u00f1a, del esfuerzo que cuesta, de lo que dejas atr\u00e1s para lograrlo, y creo que en estos partidos que se nos vienen hasta junio debemos pensar mucho en ello. Si, somos el \u201cBurguitos\u201d, pero este Burguitos tiene ganas de dar mucha guerra.<\/p>\n","protected":false},"excerpt":{"rendered":"<p>Comentario de opini\u00f3n de Jairo Velasco sobre la actualidad del Burgos CF. Resulta muy complicado no caer en los t\u00f3picos en un f\u00fatbol en el que ya est\u00e1 todo visto e inventado: si hubi\u00e9semos ganado un par m\u00e1s de partidos fuera, si di\u00e9ramos la misma cara cuando viajamos lejos de casa que en El Plant\u00edo, [&hellip;]<\/p>\n","protected":false},"author":15,"featured_media":117472,"comment_status":"closed","ping_status":"closed","sticky":false,"template":"","format":"standard","meta":{"_monsterinsights_skip_tracking":false,"_monsterinsights_sitenote_active":false,"_monsterinsights_sitenote_note":"","_monsterinsights_sitenote_category":0,"footnotes":""},"categories":[4,14],"tags":[1553,29,32,13],"class_list":{"0":"post-117471","1":"post","2":"type-post","3":"status-publish","4":"format-standard","5":"has-post-thumbnail","7":"category-futbol","8":"category-opinion","9":"tag-actualidad-2","10":"tag-burgoscf","11":"tag-futbol","12":"tag-opinion"},"views":69,"_links":{"self":[{"href":"https:\/\/www.burgosdeporte.com\/index.php?rest_route=\/wp\/v2\/posts\/117471","targetHints":{"allow":["GET"]}}],"collection":[{"href":"https:\/\/www.burgosdeporte.com\/index.php?rest_route=\/wp\/v2\/posts"}],"about":[{"href":"https:\/\/www.burgosdeporte.com\/index.php?rest_route=\/wp\/v2\/types\/post"}],"author":[{"embeddable":true,"href":"https:\/\/www.burgosdeporte.com\/index.php?rest_route=\/wp\/v2\/users\/15"}],"replies":[{"embeddable":true,"href":"https:\/\/www.burgosdeporte.com\/index.php?rest_route=%2Fwp%2Fv2%2Fcomments&post=117471"}],"version-history":[{"count":1,"href":"https:\/\/www.burgosdeporte.com\/index.php?rest_route=\/wp\/v2\/posts\/117471\/revisions"}],"predecessor-version":[{"id":117473,"href":"https:\/\/www.burgosdeporte.com\/index.php?rest_route=\/wp\/v2\/posts\/117471\/revisions\/117473"}],"wp:featuredmedia":[{"embeddable":true,"href":"https:\/\/www.burgosdeporte.com\/index.php?rest_route=\/wp\/v2\/media\/117472"}],"wp:attachment":[{"href":"https:\/\/www.burgosdeporte.com\/index.php?rest_route=%2Fwp%2Fv2%2Fmedia&parent=117471"}],"wp:term":[{"taxonomy":"category","embeddable":true,"href":"https:\/\/www.burgosdeporte.com\/index.php?rest_route=%2Fwp%2Fv2%2Fcategories&post=117471"},{"taxonomy":"post_tag","embeddable":true,"href":"https:\/\/www.burgosdeporte.com\/index.php?rest_route=%2Fwp%2Fv2%2Ftags&post=117471"}],"curies":[{"name":"wp","href":"https:\/\/api.w.org\/{rel}","templated":true}]}}