{"id":117141,"date":"2024-02-27T13:53:37","date_gmt":"2024-02-27T11:53:37","guid":{"rendered":"https:\/\/www.burgosdeporte.com\/?p=117141"},"modified":"2024-02-27T14:02:59","modified_gmt":"2024-02-27T12:02:59","slug":"tarde-de-sobresaliente","status":"publish","type":"post","link":"https:\/\/www.burgosdeporte.com\/?p=117141","title":{"rendered":"Tarde de sobresaliente"},"content":{"rendered":"\n<h2 class=\"wp-block-heading\">Comentario de Jairo Velasco sobre la actualidad del Burgos CF.<\/h2>\n\n\n\n<p>Quiz\u00e1s suene raro leer esto, de hecho, me siento raro hasta yo escribi\u00e9ndolo, pero puede que el domingo en nuestro querido Plant\u00edo disfrut\u00e1ramos de uno de los mejores partidos que hayamos visto en mucho tiempo. El Burgos jug\u00f3 muy bien al f\u00fatbol, y no s\u00f3lo por saber a que jugaba, si no por su criterio con el bal\u00f3n, su confianza y su convencimiento en llevarse los tres puntos.<\/p>\n\n\n\n<p>Y digo que puede sonar raro porque por aqu\u00ed no estamos acostumbrados a ser especialmente \u201cfinos\u201d con el bal\u00f3n en los pies. Nos gusta la brega, el bal\u00f3n dividido y las disputas, el pundonor de un jugador que quiz\u00e1s no destaque por su calidad, pero que levanta a la grada con su fe al luchar un bal\u00f3n pr\u00e1cticamente perdido. &nbsp;Quiz\u00e1s un estilo m\u00e1s ingl\u00e9s, que no va al hilo de la evoluci\u00f3n del f\u00fatbol moderno, pero que sigue suliveyando a los amantes del barro, de ese f\u00fatbol en el que no hay que ser un privilegiado t\u00e9cnicamente para salir ovacionado.<\/p>\n\n\n\n<p>Un equipo con car\u00e1cter, que se sobrepone una y otra vez a los varapalos recibidos fuera de casa; Sigue siendo dif\u00edcil de entender esta doble cara, esta ya famosa monta\u00f1a rusa de la que se lleva hablando desde el comienzo de la temporada, pero que se compensa cada tarde vivida en nuestro feudo, en el que todo el que pisa, acaba mordiendo el polvo. Yo me suelo repetir mucho eso de \u201ccreo que cada vez entiendo menos de f\u00fatbol\u201d, y cada semana que pasa me lo repito otra vez m\u00e1s.<\/p>\n\n\n\n<p>Catorce fechas para acabar esta temporada y ya s\u00f3lo ocho puntos nos separan de nuestro principal objetivo. Temporada muy rara, en la que nunca hemos sabido bien d\u00f3nde ubicarnos, pero indudablemente tranquila a nivel deportivo. \u00bfY si el destino nos quer\u00eda hacer sufrir a partir de ahora?<\/p>\n\n\n\n<p>Me resulta muy complicado intentar hacer creer al lector que podemos estar en unos so\u00f1ados play-offs all\u00ed por el mes de junio, no por falta de esperanza en que eso pueda ocurrir, si no m\u00e1s bien porque no quiero ser esclavo de mis palabras. Existen los mimbres, la plantilla ha mejorado sustancialmente tras el mercado de invierno y el nivel de otros jugadores est\u00e1 superando las expectativas. Todo este caldo de cultivo puede que nos d\u00e9 una alegr\u00eda de aqu\u00ed al final de temporada, pero todos sabemos por d\u00f3nde pasa llegar a ese punto.<\/p>\n\n\n\n<p>Bolo est\u00e1 construyendo un equipo fuerte defensivamente y que sabe perfectamente a qui\u00e9n buscar cuando se recupera el bal\u00f3n. Las dos bandas ayer resultaron pu\u00f1ales que destrozaron la defensa sportinguista, y el Burgos no dud\u00f3 en explotarlas para doblegar al conjunto asturiano. Las actuaciones de Sancris se est\u00e1n convirtiendo en un aut\u00e9ntico deleite para el aficionado, fichaje \u201cMade in Michu\u201d que si bien tard\u00f3 en adaptarse a la categor\u00eda, est\u00e1 explotando todas esas cualidades que se destacaban en su presentaci\u00f3n.<\/p>\n\n\n\n<p>Por el otro costado Dani Ojeda tambi\u00e9n est\u00e1 disipando todas las dudas que hubo al inicio de temporada sobre su rendimiento. A\u00fan sumando buenas cifras, inconsistente en sus actuaciones hasta Navidad, despu\u00e9s de la lesi\u00f3n se parece bastante m\u00e1s al jugador que tanto destac\u00f3 en Ponferrada y del que tan buenos recuerdos guardan en la capital del Bierzo. Ambos respaldados por un incombustible Atienza que no par\u00f3 de acumular recuperaciones durante el tiempo que estuvo en el campo.<\/p>\n\n\n\n<p>M\u00e1s all\u00e1 de lo puramente deportivo, este fin de semana ha sido un ejemplo de lo que ha de ser la convivencia en el f\u00fatbol. Hemos vivido un fin de semana de hermanamiento, en el que ambas aficiones hemos disfrutado de lo que de verdad importa de este deporte, porque con el paso de los a\u00f1os ya nadie se acordar\u00e1 del uno a cero con el que finaliz\u00f3 el partido. Muchas gracias a todo el mundo que ha puesto su granito de arena para que esto fuera as\u00ed, en especial a la Federaci\u00f3n de Pe\u00f1as, que sin muchos medios, han conseguido organizar un evento en el que ha disfrutado todo el mundo.<\/p>\n\n\n\n<p>Este pr\u00f3ximo s\u00e1bado nos reencontraremos con un amigo, alguien que nos devolvi\u00f3 al mapa futbol\u00edstico despu\u00e9s de muchos a\u00f1os vagando por el desierto. Todo seguidor del Burgos este a\u00f1o es un poquito del Cartagena deseando que Don Juli\u00e1n finalice su gesta salvando a un equipo al que se daba por descendido ya hace meses, pero al que competiremos como \u00e9l nos ense\u00f1\u00f3.<\/p>\n\n\n\n<p>Un punto nos separa de lo te\u00f3ricamente imposible, pero \u00bfy si este a\u00f1o somos nosotros?<\/p>\n","protected":false},"excerpt":{"rendered":"<p>Comentario de Jairo Velasco sobre la actualidad del Burgos CF. Quiz\u00e1s suene raro leer esto, de hecho, me siento raro hasta yo escribi\u00e9ndolo, pero puede que el domingo en nuestro querido Plant\u00edo disfrut\u00e1ramos de uno de los mejores partidos que hayamos visto en mucho tiempo. El Burgos jug\u00f3 muy bien al f\u00fatbol, y no s\u00f3lo [&hellip;]<\/p>\n","protected":false},"author":15,"featured_media":117145,"comment_status":"closed","ping_status":"closed","sticky":false,"template":"","format":"standard","meta":{"_monsterinsights_skip_tracking":false,"_monsterinsights_sitenote_active":false,"_monsterinsights_sitenote_note":"","_monsterinsights_sitenote_category":0,"footnotes":""},"categories":[4,14],"tags":[29,1552,834,13],"class_list":{"0":"post-117141","1":"post","2":"type-post","3":"status-publish","4":"format-standard","5":"has-post-thumbnail","7":"category-futbol","8":"category-opinion","9":"tag-burgoscf","10":"tag-destacadas","11":"tag-jairovelasco","12":"tag-opinion"},"views":66,"_links":{"self":[{"href":"https:\/\/www.burgosdeporte.com\/index.php?rest_route=\/wp\/v2\/posts\/117141","targetHints":{"allow":["GET"]}}],"collection":[{"href":"https:\/\/www.burgosdeporte.com\/index.php?rest_route=\/wp\/v2\/posts"}],"about":[{"href":"https:\/\/www.burgosdeporte.com\/index.php?rest_route=\/wp\/v2\/types\/post"}],"author":[{"embeddable":true,"href":"https:\/\/www.burgosdeporte.com\/index.php?rest_route=\/wp\/v2\/users\/15"}],"replies":[{"embeddable":true,"href":"https:\/\/www.burgosdeporte.com\/index.php?rest_route=%2Fwp%2Fv2%2Fcomments&post=117141"}],"version-history":[{"count":1,"href":"https:\/\/www.burgosdeporte.com\/index.php?rest_route=\/wp\/v2\/posts\/117141\/revisions"}],"predecessor-version":[{"id":117146,"href":"https:\/\/www.burgosdeporte.com\/index.php?rest_route=\/wp\/v2\/posts\/117141\/revisions\/117146"}],"wp:featuredmedia":[{"embeddable":true,"href":"https:\/\/www.burgosdeporte.com\/index.php?rest_route=\/wp\/v2\/media\/117145"}],"wp:attachment":[{"href":"https:\/\/www.burgosdeporte.com\/index.php?rest_route=%2Fwp%2Fv2%2Fmedia&parent=117141"}],"wp:term":[{"taxonomy":"category","embeddable":true,"href":"https:\/\/www.burgosdeporte.com\/index.php?rest_route=%2Fwp%2Fv2%2Fcategories&post=117141"},{"taxonomy":"post_tag","embeddable":true,"href":"https:\/\/www.burgosdeporte.com\/index.php?rest_route=%2Fwp%2Fv2%2Ftags&post=117141"}],"curies":[{"name":"wp","href":"https:\/\/api.w.org\/{rel}","templated":true}]}}