{"id":116340,"date":"2024-02-13T15:14:59","date_gmt":"2024-02-13T13:14:59","guid":{"rendered":"https:\/\/www.burgosdeporte.com\/?p=116340"},"modified":"2024-02-13T19:56:48","modified_gmt":"2024-02-13T17:56:48","slug":"en-el-tren","status":"publish","type":"post","link":"https:\/\/www.burgosdeporte.com\/?p=116340","title":{"rendered":"En el tren"},"content":{"rendered":"\n<h2 class=\"wp-block-heading\">Comentario de opini\u00f3n de Jairo Velasco sobre la actualidad del Burgos CF.<\/h2>\n\n\n\n<p>Reci\u00e9n salido de El Plant\u00edo, tras la victoria contra el Racing de Ferrol, es dif\u00edcil resistirse a sacar el m\u00f3vil y mirar la clasificaci\u00f3n de la Segunda Divisi\u00f3n. \u201c\u00bfA cu\u00e1nto del play-off?\u201d y \u201c\u00bfqui\u00e9n se viene a Oviedo?\u201d son las primeras preguntas que escuch\u00e9 entre los aficionados de mi zona, en una noche en la que la lluvia y el fr\u00edo poco importaban ante la sensaci\u00f3n de estar tan cerquita de algo que a\u00fan se nos sigue antojando como imposible.<\/p>\n\n\n\n<p>La emoci\u00f3n es innegable; Ver el estadio lleno de ni\u00f1os un domingo a las nueve de la noche, por muy puente de carnaval que sea hace inevitable mirar atr\u00e1s y recordar aquellas tardes de Segunda B y Tercera, en las que la multitud de localidades libres hac\u00edan sentir un fr\u00edo que por m\u00e1s capas de ropa que llevases solo pensabas en llegar a casa y pegarte al radiador. Ya no se sienten bajas temperaturas a orillas del Arlanz\u00f3n, y aunque el horario no acompa\u00f1e, el Burgos Club de F\u00fatbol se ha convertido para muchos en prioridad del fin de semana.<\/p>\n\n\n\n<p>Y si el equipo no se quiere despegar ni con agua hirviendo de esos puestos que dan opci\u00f3n a ilusionarse en lo que queda de temporada, tampoco lo quieren hacer esos jugadores que no han tenido tanto protagonismo o acierto hasta ahora. En este partido quiero poner el foco en los destacados Atienza y Borja.<\/p>\n\n\n\n<p>El primero ejemplo de pundonor, garra y esfuerzo. Vino a Burgos por puro convencimiento de Michu, del que luego hablar\u00e9. Cuando decidi\u00f3 salir del Eibar seguro que ten\u00eda novias mucho m\u00e1s guapas, pero en el municipal cay\u00f3 como si hubiera nacido aqu\u00ed, realizando una campa\u00f1a digna de recordar. Este a\u00f1o empez\u00f3 con m\u00e1s dudas, quiz\u00e1s el cambio de m\u00edster o el cambio de dibujo le dej\u00f3 un poco desubicado, y aunque ha tenido buenos partidos, podemos coincidir que su rendimiento ha sido menor al del a\u00f1o pasado.<\/p>\n\n\n\n<p>Por su parte Borja ha estado siempre en el foco de las cr\u00edticas, un te\u00f3ricamente suplente que por las circunstancias de la temporada ha ocupado la titularidad en el lateral diestro muchas m\u00e1s veces de las que se podr\u00eda imaginar por el mes de agosto. Desde el club no se ha escondido en ning\u00fan momento que ese era uno de los puntos d\u00e9biles del once y en el mercado de invierno se priorizaron los esfuerzos en dar solidez a esa parte del campo.<\/p>\n\n\n\n<p>Y aqu\u00ed es donde viene lo curioso; Las llegadas de Anderson y Montiel, sobre el papel, hac\u00edan m\u00e1s suplentes a los dos jugadores anteriormente mencionados, pero como el f\u00fatbol no lo entiende nadie, hoy Bolo, con toda la plantilla disponible, conf\u00eda en ellos y adem\u00e1s los mejores del partido.<\/p>\n\n\n\n<p>Se suele decir aquello de \u201cel entrenador es el que mejor sabe qui\u00e9nes son los que mejor est\u00e1n para jugar\u201d, empe\u00f1\u00e1ndonos muchas veces los aficionados en intentar desacreditar dicha afirmaci\u00f3n, como si nosotros fu\u00e9ramos los que compartimos vestuario a diario. El vasco, pese a tener un comienzo delicado, ha mantenido siempre el mismo tono de confianza en los suyos y parece estar d\u00e1ndole sus frutos.<\/p>\n\n\n\n<p>Y si hablamos de tono sereno y relajado, en el que impera la l\u00f3gica a lo sentimental, tenemos que mirar a un tipo asturiano que lleg\u00f3 all\u00e1 por diciembre de 2019, tras recibir un cinco a cero del Leioa y con el equipo en puestos de ascenso a la Tercera Divisi\u00f3n. &nbsp;Si con estas pistas a\u00fan alguien est\u00e1 despistado y no da con la respuesta, estoy hablando de Don Miguel P\u00e9rez Cuesta.<\/p>\n\n\n\n<p>Durante esta semana he pensado en varias ocasiones cu\u00e1l fue el motivo de que alguien como \u00e9l, sin nada que demostrar en el f\u00fatbol, tuviese las ganas y la valent\u00eda de meterse en un marr\u00f3n as\u00ed, en una ciudad a la que nada le ataba y con una situaci\u00f3n deportiva que daba bastante v\u00e9rtigo. Cuatro a\u00f1os y pico despu\u00e9s sigo sin entenderlo, y es m\u00e1s, no entiendo el porqu\u00e9 de no haber salido por patas en las m\u00faltiples oportunidades que ha tenido en los diferentes convulsos momentos que ha vivido el club en este periodo.<\/p>\n\n\n\n<p>\u00danicamente me vienen palabras de agradecimiento hacia un t\u00edo que nos ha puesto en el mapa futbol\u00edstico, demostrando que es mejor hacer las cosas bien y con cabeza, el mejor ejemplo de c\u00f3mo se ha de obrar en la vida. Nadie sabe cu\u00e1l ser\u00e1 la decisi\u00f3n que tomar\u00e1 al finalizar esta temporada, pero de aqu\u00ed al \u00faltimo pitido que haga sonar el colegiado en el partido contra el Alcorc\u00f3n de la jornada que ponga cierre al a\u00f1o futbol\u00edstico, hemos de demostrarle todo el cari\u00f1o que se ha ganado como el gran profesional que es.<\/p>\n\n\n\n<p>\u00a1Gracias Michu!<\/p>\n","protected":false},"excerpt":{"rendered":"<p>Comentario de opini\u00f3n de Jairo Velasco sobre la actualidad del Burgos CF. Reci\u00e9n salido de El Plant\u00edo, tras la victoria contra el Racing de Ferrol, es dif\u00edcil resistirse a sacar el m\u00f3vil y mirar la clasificaci\u00f3n de la Segunda Divisi\u00f3n. \u201c\u00bfA cu\u00e1nto del play-off?\u201d y \u201c\u00bfqui\u00e9n se viene a Oviedo?\u201d son las primeras preguntas que [&hellip;]<\/p>\n","protected":false},"author":15,"featured_media":116341,"comment_status":"closed","ping_status":"closed","sticky":false,"template":"","format":"standard","meta":{"_monsterinsights_skip_tracking":false,"_monsterinsights_sitenote_active":false,"_monsterinsights_sitenote_note":"","_monsterinsights_sitenote_category":0,"footnotes":""},"categories":[4,14],"tags":[29,1552,834,13],"class_list":{"0":"post-116340","1":"post","2":"type-post","3":"status-publish","4":"format-standard","5":"has-post-thumbnail","7":"category-futbol","8":"category-opinion","9":"tag-burgoscf","10":"tag-destacadas","11":"tag-jairovelasco","12":"tag-opinion"},"views":58,"_links":{"self":[{"href":"https:\/\/www.burgosdeporte.com\/index.php?rest_route=\/wp\/v2\/posts\/116340","targetHints":{"allow":["GET"]}}],"collection":[{"href":"https:\/\/www.burgosdeporte.com\/index.php?rest_route=\/wp\/v2\/posts"}],"about":[{"href":"https:\/\/www.burgosdeporte.com\/index.php?rest_route=\/wp\/v2\/types\/post"}],"author":[{"embeddable":true,"href":"https:\/\/www.burgosdeporte.com\/index.php?rest_route=\/wp\/v2\/users\/15"}],"replies":[{"embeddable":true,"href":"https:\/\/www.burgosdeporte.com\/index.php?rest_route=%2Fwp%2Fv2%2Fcomments&post=116340"}],"version-history":[{"count":1,"href":"https:\/\/www.burgosdeporte.com\/index.php?rest_route=\/wp\/v2\/posts\/116340\/revisions"}],"predecessor-version":[{"id":116342,"href":"https:\/\/www.burgosdeporte.com\/index.php?rest_route=\/wp\/v2\/posts\/116340\/revisions\/116342"}],"wp:featuredmedia":[{"embeddable":true,"href":"https:\/\/www.burgosdeporte.com\/index.php?rest_route=\/wp\/v2\/media\/116341"}],"wp:attachment":[{"href":"https:\/\/www.burgosdeporte.com\/index.php?rest_route=%2Fwp%2Fv2%2Fmedia&parent=116340"}],"wp:term":[{"taxonomy":"category","embeddable":true,"href":"https:\/\/www.burgosdeporte.com\/index.php?rest_route=%2Fwp%2Fv2%2Fcategories&post=116340"},{"taxonomy":"post_tag","embeddable":true,"href":"https:\/\/www.burgosdeporte.com\/index.php?rest_route=%2Fwp%2Fv2%2Ftags&post=116340"}],"curies":[{"name":"wp","href":"https:\/\/api.w.org\/{rel}","templated":true}]}}