{"id":116065,"date":"2024-02-09T15:03:10","date_gmt":"2024-02-09T13:03:10","guid":{"rendered":"https:\/\/www.burgosdeporte.com\/?p=116065"},"modified":"2024-02-10T00:35:35","modified_gmt":"2024-02-09T22:35:35","slug":"bolo-va-a-ser-un-partido-complicado-pero-tenemos-ilusion-y-ganas","status":"publish","type":"post","link":"https:\/\/www.burgosdeporte.com\/?p=116065","title":{"rendered":"Bolo: \u201cVa a ser un partido complicado, pero tenemos ilusi\u00f3n y ganas\u201d"},"content":{"rendered":"\n<p><strong><em>El t\u00e9cnico blanquinegro destaca la buena adaptaci\u00f3n de las recientes incorporaciones y aboga por la uni\u00f3n de cara al encuentro frente al Racing de Ferrol<\/em><\/strong><\/p>\n\n\n<div class=\"wp-block-image\">\n<figure class=\"aligncenter size-full\"><a href=\"https:\/\/concesionario.renault.es\/autovican-burgos\/empresas.html?utm_source=BurgosDeporte&amp;utm_medium=Banner&amp;utm_campaign=BurgosDeporte_REempresas_Febrero24\" target=\"_blank\" rel=\"noreferrer noopener\"><img loading=\"lazy\" decoding=\"async\" width=\"300\" height=\"250\" src=\"https:\/\/www.burgosdeporte.com\/wp-content\/uploads\/2024\/02\/BUDEPORTE_empresas_febrero24.jpg\" alt=\"\" class=\"wp-image-115911\" srcset=\"https:\/\/www.burgosdeporte.com\/wp-content\/uploads\/2024\/02\/BUDEPORTE_empresas_febrero24.jpg 300w, https:\/\/www.burgosdeporte.com\/wp-content\/uploads\/2024\/02\/BUDEPORTE_empresas_febrero24-150x125.jpg 150w\" sizes=\"auto, (max-width: 300px) 100vw, 300px\" \/><\/a><\/figure>\n<\/div>\n\n\n<p>El entrenador del Burgos CF, Jon P\u00e9rez Bolo, ha comparecido este viernes en rueda de prensa para analizar la previa del pr\u00f3ximo partido para los blanquinegros, que recibir\u00e1n al Racing de Ferrol, este domingo, a partir de las 21:00 horas, en El Plant\u00edo.<\/p>\n\n\n\n<p>El conjunto burgalesista recibir\u00e1 a la gran revelaci\u00f3n de la temporada, un rival sobre el que Bolo ha se\u00f1alado: \u201cEs un equipo muy bien trabajado. Tienen las cosas muy claras y se han reforzado bien en el mercado de invierno. S\u00ed, es cierto que ha perdido un jugador muy importante (Carlos Vicente), pero los jugadores que le est\u00e1n supliendo lo est\u00e1n haciendo muy bien y no han notado casi esa baja\u201d.<\/p>\n\n\n\n<p>\u201cTodos los a\u00f1os hay alg\u00fan equipo que aprovecha la buena din\u00e1mica tras el ascenso y se mete en una buena situaci\u00f3n, haciendo las cosas bien. El Racing de Ferrol est\u00e1 donde est\u00e1 por m\u00e9ritos propios\u201d, ha recalcado el t\u00e9cnico bilba\u00edno.<\/p>\n\n\n\n<p>Bolo ha expuesto: \u201cSe vuelve a demostrar que el l\u00edmite salarial o tener la mejor plantilla no lo es todo. Los grupos son los que consiguen objetivos ambiciosos y el Racing de Ferrol ha demostrado que es un gran grupo, con buenos jugadores y un cuerpo t\u00e9cnico experimentado. Para m\u00ed es uno de los partidos m\u00e1s dif\u00edciles de la temporada\u201d.&nbsp;<\/p>\n\n\n\n<p>El duelo de esta jornada se presenta como un reto para el Burgos, y as\u00ed lo ha definido su entrenador: \u201cVa a ser un partido muy complicado, pero nosotros tambi\u00e9n tenemos la ilusi\u00f3n y las ganas de volver hacer de El Plant\u00edo un fort\u00edn y seguir la racha arropados por nuestra gente\u201d.<\/p>\n\n\n\n<p><strong>La adaptaci\u00f3n de las incorporaciones y los objetivos de la temporada<\/strong><\/p>\n\n\n\n<p>Las nuevas incorporaciones del mercado de invierno han continuado trabajando para adaptarse al grupo: \u201cTanto Joni como Arroyo se est\u00e1n incorporando muy bien. Es f\u00e1cil teniendo el vestuario que tenemos. Siempre que llega un nuevo jugador se le recibe con los brazos abiertos. Ya est\u00e1n integrados al 100%\u201d.<\/p>\n\n\n\n<p>En cuanto a la forma de encajar todas las piezas dentro de la plantilla, el entrenador del Burgos ha recalcado: \u201cLos buenos jugadores se pueden complementar muy bien, s\u00f3lo hay que buscar a cada uno el lugar adecuado. Curro y Joni se pueden adaptar a varias posiciones y veremos d\u00f3nde les podemos situar este fin de semana. Ya coincidieron el \u00faltimo partido en casa y creo que el equipo estuvo bien\u201d.<\/p>\n\n\n\n<p>Jon P\u00e9rez Bolo ha hablado igualmente de los objetivos para esta mitad de temporada: \u201cEl trabajo diario nos va a decir d\u00f3nde vamos a terminar. La experiencia que tengo me dice que tenemos que ir partido a partido y tenemos que mirar objetivos a corto plazo. Ojal\u00e1 podamos estar peleando por algo muy importante a final de temporada. Cada d\u00eda quiero hacer mejor a mi equipo, pero debemos tener los pies en el suelo. Para conseguir cosas importantes, tenemos que seguir siendo una gran familia\u201d.<\/p>\n","protected":false},"excerpt":{"rendered":"<p>El t\u00e9cnico blanquinegro destaca la buena adaptaci\u00f3n de las recientes incorporaciones y aboga por la uni\u00f3n de cara al encuentro frente al Racing de Ferrol El entrenador del Burgos CF, Jon P\u00e9rez Bolo, ha comparecido este viernes en rueda de prensa para analizar la previa del pr\u00f3ximo partido para los blanquinegros, que recibir\u00e1n al Racing [&hellip;]<\/p>\n","protected":false},"author":21,"featured_media":116066,"comment_status":"closed","ping_status":"closed","sticky":false,"template":"","format":"standard","meta":{"_monsterinsights_skip_tracking":false,"_monsterinsights_sitenote_active":false,"_monsterinsights_sitenote_note":"","_monsterinsights_sitenote_category":0,"footnotes":""},"categories":[4],"tags":[29,1552,32,573],"class_list":{"0":"post-116065","1":"post","2":"type-post","3":"status-publish","4":"format-standard","5":"has-post-thumbnail","7":"category-futbol","8":"tag-burgoscf","9":"tag-destacadas","10":"tag-futbol","11":"tag-jonperezbolo"},"views":66,"_links":{"self":[{"href":"https:\/\/www.burgosdeporte.com\/index.php?rest_route=\/wp\/v2\/posts\/116065","targetHints":{"allow":["GET"]}}],"collection":[{"href":"https:\/\/www.burgosdeporte.com\/index.php?rest_route=\/wp\/v2\/posts"}],"about":[{"href":"https:\/\/www.burgosdeporte.com\/index.php?rest_route=\/wp\/v2\/types\/post"}],"author":[{"embeddable":true,"href":"https:\/\/www.burgosdeporte.com\/index.php?rest_route=\/wp\/v2\/users\/21"}],"replies":[{"embeddable":true,"href":"https:\/\/www.burgosdeporte.com\/index.php?rest_route=%2Fwp%2Fv2%2Fcomments&post=116065"}],"version-history":[{"count":1,"href":"https:\/\/www.burgosdeporte.com\/index.php?rest_route=\/wp\/v2\/posts\/116065\/revisions"}],"predecessor-version":[{"id":116067,"href":"https:\/\/www.burgosdeporte.com\/index.php?rest_route=\/wp\/v2\/posts\/116065\/revisions\/116067"}],"wp:featuredmedia":[{"embeddable":true,"href":"https:\/\/www.burgosdeporte.com\/index.php?rest_route=\/wp\/v2\/media\/116066"}],"wp:attachment":[{"href":"https:\/\/www.burgosdeporte.com\/index.php?rest_route=%2Fwp%2Fv2%2Fmedia&parent=116065"}],"wp:term":[{"taxonomy":"category","embeddable":true,"href":"https:\/\/www.burgosdeporte.com\/index.php?rest_route=%2Fwp%2Fv2%2Fcategories&post=116065"},{"taxonomy":"post_tag","embeddable":true,"href":"https:\/\/www.burgosdeporte.com\/index.php?rest_route=%2Fwp%2Fv2%2Ftags&post=116065"}],"curies":[{"name":"wp","href":"https:\/\/api.w.org\/{rel}","templated":true}]}}