{"id":115934,"date":"2024-02-06T13:24:29","date_gmt":"2024-02-06T11:24:29","guid":{"rendered":"https:\/\/www.burgosdeporte.com\/?p=115934"},"modified":"2024-02-07T23:37:51","modified_gmt":"2024-02-07T21:37:51","slug":"cuestion-de-perspectiva","status":"publish","type":"post","link":"https:\/\/www.burgosdeporte.com\/?p=115934","title":{"rendered":"Cuesti\u00f3n de perspectiva"},"content":{"rendered":"\n<h2 class=\"wp-block-heading\">Comentario de opini\u00f3n de Jairo Velasco sobre la actualidad del Burgos CF <\/h2>\n\n\n\n<p>Ser seguidor del equipo de tu ciudad suele ser una afici\u00f3n bastante cruel. Solo unos pocos est\u00e1n acostumbrados a grandes victorias y vitrinas llenas de t\u00edtulos, mientras que la gran mayor\u00eda nos tenemos que conformar con peque\u00f1os triunfos, noches especiales y mirar la clasificaci\u00f3n con la esperanza de llegar a un objetivo m\u00e1s irreal que factible.\u00a0<\/p>\n\n\n\n<p>Despu\u00e9s de esta introducci\u00f3n lanzo una pregunta: \u00bfQu\u00e9 es m\u00e1s especial, aquel ascenso a Segunda B de nuestro Burgos CF en 2013 contra el Centro de Deportes El Palo, o la tercera Champions consecutiva que logr\u00f3 el Real Madrid contra el Liverpool en Kiev?. Todo es cuesti\u00f3n de perspectiva.<\/p>\n\n\n\n<p>A\u00fan recuerdo con emoci\u00f3n el testarazo de Arkaitz que nos sac\u00f3 de ese profundo pozo. Tarde muy fr\u00eda en aquel mes de junio, pero nada nos privar\u00eda de la ansiada celebraci\u00f3n en la fuente de Los Delfines ante la at\u00f3nita mirada de muchos viandantes que no pod\u00edan comprender la dimensi\u00f3n de la celebraci\u00f3n ante esa peque\u00f1a gesta.&nbsp;<\/p>\n\n\n\n<p>Y es que no ha pasado tanto tiempo, diez a\u00f1os y unos pocos meses hasta llegar al d\u00eda de hoy, en los cuales las sensaciones predominantes han sido el sufrimiento, la incertidumbre y la m\u00e1s abrumadora ausencia de ilusi\u00f3n. Goleadas en El Plant\u00edo de Coruxo,&nbsp; Unionistas y Arandina, la derrota contra el Mutilvera con un autentico ba\u00f1o de los navarros, el penalti detenido por el delantero de la Gimnastica Torrelavega tras la expulsi\u00f3n de su portero, el gol de cabeza del cancerbero del Lemona, etc. Mil recuerdos aciagos se me vienen a la cabeza si echo la mirada atr\u00e1s.&nbsp;<\/p>\n\n\n\n<p>No puedo se\u00f1alar a aquellos que despu\u00e9s del partido del viernes se llevan las manos a la cabeza criticando el estilo de juego, la formaci\u00f3n o los cambios, porque este deporte no tiene memoria y los resultados es lo \u00fanico objetivo y a lo que aferrarse para acreditar si las cosas van bien o mal, pero pido un momento de reflexi\u00f3n.&nbsp;<\/p>\n\n\n\n<p>Ya lo he comentado en alguna otra cr\u00f3nica, y no quiero ser pesado, pero es indudable que estamos en el mejor momento futbol\u00edstico del equipo desde el principio de los a\u00f1os noventa. Treinta a\u00f1os con multitud de cambios de propiedad, problemas econ\u00f3micos, enga\u00f1os a los aficionados y malos resultados deportivos. Treinta a\u00f1os en los que ser de Burgos era m\u00e1s un motivo de verg\u00fcenza que de orgullo, de ser se\u00f1alados en el trabajo y en el grupo de amigos, de que te rechazaran entradas aunque fueran gratis, sumando disgustos domingo tras domingo.&nbsp;<\/p>\n\n\n\n<p>Disfrutemos del presente. Tenemos un estadio y una afici\u00f3n que causan envida en cualquier for\u00e1neo que pisa nuestro fort\u00edn, tenemos al mejor director deportivo que podemos tener, la situaci\u00f3n econ\u00f3mica se ha conseguido recuperar despu\u00e9s de lo que parec\u00eda la debacle, y la plantilla y cuerpo t\u00e9cnico parece que tienen claros los pasos a dar para lograr los objetivos. Nuestro car\u00e1cter burgal\u00e9s casi siempre nos hace ponernos en lo peor, nos gusta vendarnos antes de que se haga la herida y con esa actitud valoramos poco lo que tenemos.&nbsp;<\/p>\n\n\n\n<p>Por primera vez en mucho tiempo nos sentimos ganadores, un equipo temible al cual los rivales se enfrentan temerosos no solo por su historia, sino tambi\u00e9n por su presente. Una corriente de energ\u00eda positiva que envuelve la ciudad y que nos hace so\u00f1ar alto; Pero no podemos olvidar que es un deporte en el que es mucho m\u00e1s f\u00e1cil fracasar que salir victorioso, aun haciendo las cosas bien.<\/p>\n\n\n\n<p>Nosotros como aficionados tenemos la responsabilidad de lucir nuestros colores en las buenas, pero tambi\u00e9n la de relativizar cuando vengan las mal dadas. En nuestra ciudad sabemos que somos muy de tirar la piedra contra nuestro tejado, de poner la mano sobre el sol y decir que est\u00e1 nublado. Por una vez celebremos lo que tenemos, porque en la vida se celebra poco y digamos con orgullo que somos del Burgos CF.<\/p>\n","protected":false},"excerpt":{"rendered":"<p>Comentario de opini\u00f3n de Jairo Velasco sobre la actualidad del Burgos CF Ser seguidor del equipo de tu ciudad suele ser una afici\u00f3n bastante cruel. Solo unos pocos est\u00e1n acostumbrados a grandes victorias y vitrinas llenas de t\u00edtulos, mientras que la gran mayor\u00eda nos tenemos que conformar con peque\u00f1os triunfos, noches especiales y mirar la [&hellip;]<\/p>\n","protected":false},"author":15,"featured_media":115401,"comment_status":"closed","ping_status":"closed","sticky":false,"template":"","format":"standard","meta":{"_monsterinsights_skip_tracking":false,"_monsterinsights_sitenote_active":false,"_monsterinsights_sitenote_note":"","_monsterinsights_sitenote_category":0,"footnotes":""},"categories":[4,14],"tags":[1553,29,834],"class_list":{"0":"post-115934","1":"post","2":"type-post","3":"status-publish","4":"format-standard","5":"has-post-thumbnail","7":"category-futbol","8":"category-opinion","9":"tag-actualidad-2","10":"tag-burgoscf","11":"tag-jairovelasco"},"views":71,"_links":{"self":[{"href":"https:\/\/www.burgosdeporte.com\/index.php?rest_route=\/wp\/v2\/posts\/115934","targetHints":{"allow":["GET"]}}],"collection":[{"href":"https:\/\/www.burgosdeporte.com\/index.php?rest_route=\/wp\/v2\/posts"}],"about":[{"href":"https:\/\/www.burgosdeporte.com\/index.php?rest_route=\/wp\/v2\/types\/post"}],"author":[{"embeddable":true,"href":"https:\/\/www.burgosdeporte.com\/index.php?rest_route=\/wp\/v2\/users\/15"}],"replies":[{"embeddable":true,"href":"https:\/\/www.burgosdeporte.com\/index.php?rest_route=%2Fwp%2Fv2%2Fcomments&post=115934"}],"version-history":[{"count":1,"href":"https:\/\/www.burgosdeporte.com\/index.php?rest_route=\/wp\/v2\/posts\/115934\/revisions"}],"predecessor-version":[{"id":115935,"href":"https:\/\/www.burgosdeporte.com\/index.php?rest_route=\/wp\/v2\/posts\/115934\/revisions\/115935"}],"wp:featuredmedia":[{"embeddable":true,"href":"https:\/\/www.burgosdeporte.com\/index.php?rest_route=\/wp\/v2\/media\/115401"}],"wp:attachment":[{"href":"https:\/\/www.burgosdeporte.com\/index.php?rest_route=%2Fwp%2Fv2%2Fmedia&parent=115934"}],"wp:term":[{"taxonomy":"category","embeddable":true,"href":"https:\/\/www.burgosdeporte.com\/index.php?rest_route=%2Fwp%2Fv2%2Fcategories&post=115934"},{"taxonomy":"post_tag","embeddable":true,"href":"https:\/\/www.burgosdeporte.com\/index.php?rest_route=%2Fwp%2Fv2%2Ftags&post=115934"}],"curies":[{"name":"wp","href":"https:\/\/api.w.org\/{rel}","templated":true}]}}