{"id":115870,"date":"2024-02-05T14:49:51","date_gmt":"2024-02-05T12:49:51","guid":{"rendered":"https:\/\/www.burgosdeporte.com\/?p=115870"},"modified":"2024-02-06T21:49:14","modified_gmt":"2024-02-06T19:49:14","slug":"michu-pone-por-delante-para-seguir-en-el-burgos-cf-un-proyecto-deportivo-y-ser-feliz","status":"publish","type":"post","link":"https:\/\/www.burgosdeporte.com\/?p=115870","title":{"rendered":"Michu pone por delante para seguir en el Burgos CF un \u201cproyecto deportivo y ser feliz\u201d\u00a0"},"content":{"rendered":"\n<h2 class=\"wp-block-heading\"><em>El director deportivo de la entidad blanquinegra nota cierto \u201cdesgaste\u201d m\u00e1s de cuatro a\u00f1os en el club con tres propiedades diferentes. Ha tenido ofertas de clubes espa\u00f1oles e ingleses<\/em>. <\/h2>\n\n\n\n<h2 class=\"wp-block-heading\"><em>Est\u00e1 \u201cmuy satisfecho\u201d con las llegadas de Arroyo y Montiel, que eran \u201cprimeras opciones\u201d para reforzar el equipo<\/em><\/h2>\n\n\n<div class=\"wp-block-image\">\n<figure class=\"aligncenter size-full\"><img loading=\"lazy\" decoding=\"async\" width=\"300\" height=\"226\" src=\"https:\/\/www.burgosdeporte.com\/wp-content\/uploads\/2023\/09\/FCastilla_2019.gif\" alt=\"\" class=\"wp-image-107980\"\/><\/figure>\n<\/div>\n\n\n<p>El director deportivo del Burgos CF, Michu, ha dejado entrever que seguir\u00e1 al frente de su cargo la temporada que viene \u201cen funci\u00f3n del proyecto deportivo\u201d de la sociedad y que \u201csiempre escuchara al Burgos en primer lugar porque es \u201cmuy feliz en Burgos\u201d, ha afirmado tajantemente. Lleva en la ciudad \u201c49 meses, y he trabajado con tres propiedades distintas. Esa es la realidad, eso genera un desgaste\u201d.<\/p>\n\n\n\n<p>\u00c9l y su equipo, Fosky y \u00c1lvaro Gaona, tienen una temporada m\u00e1s de contrato si el equipo sigue en futbol profesional y una cl\u00e1usula de salida, cerrada con Yuc\u00f3n, que en caso de que hubiese un cambio en la mayor\u00eda accionarial podr\u00eda haber salidas. En cualquier caso, trabajar\u00e1n \u201chasta el \u00faltimo d\u00eda de esta temporada\u201d.<\/p>\n\n\n\n<figure class=\"wp-block-image size-large\"><img loading=\"lazy\" decoding=\"async\" width=\"1024\" height=\"547\" src=\"https:\/\/www.burgosdeporte.com\/wp-content\/uploads\/2024\/02\/michu-fichajes-1024x547.jpg\" alt=\"\" class=\"wp-image-115889\" srcset=\"https:\/\/www.burgosdeporte.com\/wp-content\/uploads\/2024\/02\/michu-fichajes-1024x547.jpg 1024w, https:\/\/www.burgosdeporte.com\/wp-content\/uploads\/2024\/02\/michu-fichajes-300x160.jpg 300w, https:\/\/www.burgosdeporte.com\/wp-content\/uploads\/2024\/02\/michu-fichajes-768x410.jpg 768w, https:\/\/www.burgosdeporte.com\/wp-content\/uploads\/2024\/02\/michu-fichajes-150x80.jpg 150w, https:\/\/www.burgosdeporte.com\/wp-content\/uploads\/2024\/02\/michu-fichajes-696x372.jpg 696w, https:\/\/www.burgosdeporte.com\/wp-content\/uploads\/2024\/02\/michu-fichajes-1068x570.jpg 1068w, https:\/\/www.burgosdeporte.com\/wp-content\/uploads\/2024\/02\/michu-fichajes.jpg 1071w\" sizes=\"auto, (max-width: 1024px) 100vw, 1024px\" \/><figcaption class=\"wp-element-caption\">Michu durante la rueda de prensa de an\u00e1lisis del mercado de invierno.- BD<\/figcaption><\/figure>\n\n\n\n<p>Y es que Michu es un director deportivo muy cotizado, no s\u00f3lo en Espa\u00f1a (ha tenido una oferta), sino tambi\u00e9n en Reino Unido, de donde ha recibido otra. Pero el asturiano se siente \u201cburgal\u00e9s y feliz\u201d porque siempre se ha \u201cmovido por sensaciones, soy un chico muy feliz, tengo un ni\u00f1o de cinco a\u00f1os que se llama Nicol\u00e1s, que cada vez que llega aqu\u00ed a Burgos se pone la equipaci\u00f3n del Burgos y va cantando por casa que el Burgos est\u00e1 en su vida\u201d.&nbsp;<\/p>\n\n\n\n<p>Reconoce que ahora mismo \u201chay que dar tiempo a la nueva propiedad, agradecerles p\u00fablicamente que nos hayan dejado trabajar en este mercado, que era muy importante para nosotros y creo que hemos mejorado y que hemos echado un cable tambi\u00e9n a las arcas del club\u201d.<\/p>\n\n\n\n<p>En todo caso, Michu pide \u201cun proyecto deportivo, en el que nos dejen trabajar\u201d, con una hoja de ruta \u201ce ir consiguiendo esos objetivos que el \u00fanico que los puede marcar aqu\u00ed es la propiedad del club\u201d.&nbsp;<\/p>\n\n\n\n<p><strong>Mercado<\/strong><\/p>\n\n\n\n<p>La valoraci\u00f3n que ha hecho Michu del mercado de invierno ha sido \u201cmuy positiva\u201d. Dos salidas, Andy (Cartagena) y L\u00f3pez Pinto (Algeciras), se han compensado con dos llegadas,&nbsp; Jony Montiel, que viene cedido del Rayo Vallecano, y Anderson Arroyo, que viene cedido del Liverpool<\/p>\n\n\n\n<p>Michu ha asegurado que est\u00e1 \u201cmuy satisfecho con el mercado\u201d porque eran sus \u201cdos primeras opciones\u201d. Pese a todo reconoce que \u201ces una plantilla cortita, pero la competencia interna, dado el nivel de los futbolistas, es brutal\u201d,&nbsp; para conseguir el principal objetivo, que es la permanencia. Especialmente es un plantel escaso \u201csobre todo quiz\u00e1s en defensa, porque solo hay un lateral izquierdo y tres centrales\u201d.<\/p>\n\n\n\n<p>En principio la idea de Michu es no fichar m\u00e1s, aunque reconoce que la sociedad est\u00e1 \u201cabierta siempre a mejorar, pero en principio no va a haber m\u00e1s incorporaciones, salvo que haya un infortunio m\u00e1s\u201d. Respecto a los jugadores del Promesas que est\u00e1n en din\u00e1mica del primer equipo, , Sa\u00fal, Ricoy, Molina y Sergio, la Direcci\u00f3n Deportiva quiere \u201cverlos tambi\u00e9n cerquita, porque somos un equipo con recursos limitados y la cantera nos puede aportar\u201d.&nbsp;<\/p>\n\n\n\n<p>El asturiano entiende que en un futuro el objetivo que deber\u00eda tener el Burgos es que fuese \u201cun club canterano, que fuese un club trampol\u00edn y fichar a futbolistas como por ejemplo Fer Ni\u00f1o o Ander Mart\u00edn, que los podamos poner en escaparate y generar un traspaso, que es como la direcci\u00f3n deportiva o el club puede mejorar ese l\u00edmite salarial\u201d y hacer llegar burgaleses al primer equipo.<\/p>\n\n\n\n<p>Con respecto a reforzar el ataque del Burgos, Michu ha asegurado que \u201cno era primordial\u201d traer a un delantero porque tanto Fer Ni\u00f1o como Espiau son futbolistas de calidad y tiene, el primero dos a\u00f1os m\u00e1s de contrato y uno el segundo. Y que por el canario \u201chan preguntado equipos\u201d en este mercado de invierno. Pero como en el caso de Curro, con ofertas incluso de Primera Divisi\u00f3n, el Burgos ha optado por no vender.<\/p>\n\n\n\n<p>Los m\u00e1s cotizados, y por los que se han interesado varios clubes, han sido Jos\u00e9 Antonio Caro, Kevin Appin, Curro y Espiau, pero con la entrada con fuerza de la nueva propiedad \u201cha decidido no valorar ofertas por nadie y seguir con este plantel, con esta armon\u00eda que tenemos desde el principio y con esta familia\u201d. Al cierre del mercado de invierno, el presupuesto de la plantilla ha supuesto una inversi\u00f3n de 6.480.000 euros, contando la primera plantilla incluido entrenador y su segundo y el preparador f\u00edsico.&nbsp;<\/p>\n\n\n\n<p>Con respecto a las renovaciones, \u201cser\u00e1 en marzo, abril y mayo\u201d cuando se concreten, en funci\u00f3n de los objetivos de Marcelo Figoli y su Grandinetti y su equipo.<\/p>\n","protected":false},"excerpt":{"rendered":"<p>El director deportivo de la entidad blanquinegra nota cierto \u201cdesgaste\u201d m\u00e1s de cuatro a\u00f1os en el club con tres propiedades diferentes. Ha tenido ofertas de clubes espa\u00f1oles e ingleses. Est\u00e1 \u201cmuy satisfecho\u201d con las llegadas de Arroyo y Montiel, que eran \u201cprimeras opciones\u201d para reforzar el equipo El director deportivo del Burgos CF, Michu, ha [&hellip;]<\/p>\n","protected":false},"author":21,"featured_media":112709,"comment_status":"closed","ping_status":"closed","sticky":false,"template":"","format":"standard","meta":{"_monsterinsights_skip_tracking":false,"_monsterinsights_sitenote_active":false,"_monsterinsights_sitenote_note":"","_monsterinsights_sitenote_category":0,"footnotes":""},"categories":[4],"tags":[1553,29,197],"class_list":{"0":"post-115870","1":"post","2":"type-post","3":"status-publish","4":"format-standard","5":"has-post-thumbnail","7":"category-futbol","8":"tag-actualidad-2","9":"tag-burgoscf","10":"tag-michu"},"views":61,"_links":{"self":[{"href":"https:\/\/www.burgosdeporte.com\/index.php?rest_route=\/wp\/v2\/posts\/115870","targetHints":{"allow":["GET"]}}],"collection":[{"href":"https:\/\/www.burgosdeporte.com\/index.php?rest_route=\/wp\/v2\/posts"}],"about":[{"href":"https:\/\/www.burgosdeporte.com\/index.php?rest_route=\/wp\/v2\/types\/post"}],"author":[{"embeddable":true,"href":"https:\/\/www.burgosdeporte.com\/index.php?rest_route=\/wp\/v2\/users\/21"}],"replies":[{"embeddable":true,"href":"https:\/\/www.burgosdeporte.com\/index.php?rest_route=%2Fwp%2Fv2%2Fcomments&post=115870"}],"version-history":[{"count":2,"href":"https:\/\/www.burgosdeporte.com\/index.php?rest_route=\/wp\/v2\/posts\/115870\/revisions"}],"predecessor-version":[{"id":115895,"href":"https:\/\/www.burgosdeporte.com\/index.php?rest_route=\/wp\/v2\/posts\/115870\/revisions\/115895"}],"wp:featuredmedia":[{"embeddable":true,"href":"https:\/\/www.burgosdeporte.com\/index.php?rest_route=\/wp\/v2\/media\/112709"}],"wp:attachment":[{"href":"https:\/\/www.burgosdeporte.com\/index.php?rest_route=%2Fwp%2Fv2%2Fmedia&parent=115870"}],"wp:term":[{"taxonomy":"category","embeddable":true,"href":"https:\/\/www.burgosdeporte.com\/index.php?rest_route=%2Fwp%2Fv2%2Fcategories&post=115870"},{"taxonomy":"post_tag","embeddable":true,"href":"https:\/\/www.burgosdeporte.com\/index.php?rest_route=%2Fwp%2Fv2%2Ftags&post=115870"}],"curies":[{"name":"wp","href":"https:\/\/api.w.org\/{rel}","templated":true}]}}