{"id":115459,"date":"2024-01-30T01:49:34","date_gmt":"2024-01-29T23:49:34","guid":{"rendered":"https:\/\/www.burgosdeporte.com\/?p=115459"},"modified":"2024-01-30T13:19:44","modified_gmt":"2024-01-30T11:19:44","slug":"y-si-si","status":"publish","type":"post","link":"https:\/\/www.burgosdeporte.com\/?p=115459","title":{"rendered":"\u00bfY si s\u00ed?"},"content":{"rendered":"\n<h2 class=\"wp-block-heading\">Comentario de opini\u00f3n de Jairo Velasco sobre la actualidad del Burgos CF.<\/h2>\n\n\n\n<p>Domingo, ocho y media de la tarde, la alegr\u00eda invad\u00eda a todo aficionado burgalesista y una t\u00edmida pregunta se repet\u00eda en los grupillos que se iban formando a la salida del estadio: \u00bfos imagin\u00e1is que este a\u00f1o entramos en play-off?. La respuesta estaba entre las risas y la ilusi\u00f3n, pero nadie puede negar que a\u00fan en nuestro foro m\u00e1s interno lo hemos pensado.<\/p>\n\n\n\n<p>A estas alturas puede parecer una quimera, a\u00fan queda casi toda una vuelta por jugarse y hay muchos equipos para pocas plazas, pero el Burgos parece luchar por no bajarse de esta ola que va creciendo desde hace unos meses y que en esta jornada veinticuatro nos hace mirar m\u00e1s hac\u00eda arriba que hacia abajo en la clasificaci\u00f3n. Nueve partidos puntuando de los \u00faltimos diez, cifras de equipo puntero y que construyen una s\u00f3lida base para confiar m\u00e1s all\u00e1 de lo m\u00e1s puramente sentimental.<\/p>\n\n\n\n<p>Los jugadores creen y la afici\u00f3n tambi\u00e9n. El partido de ayer no ser\u00e1 recordado por muchos detalles m\u00e1s que por los tres puntos; El equipo no tuvo su mejor d\u00eda y no se gener\u00f3 demasiado en comparaci\u00f3n con otros partidos jugados en las \u00faltimas fechas, pero esta vez se elev\u00f3 la dosis de fe, esa energ\u00eda que te hace luchar hasta el final porque sabes que va a dar sus frutos, y as\u00ed sucedi\u00f3.&nbsp;<\/p>\n\n\n\n<p>No estamos demasiado acostumbrados por las orillas del Arlanz\u00f3n a remontadas, ni triunfos \u00e9picos que nos lleven al \u00e9xtasis en los \u00faltimos compases del encuentro. Somos m\u00e1s de abonarnos al sufrimiento y apretar todo el cuerpo en cada acci\u00f3n rival para defender lo que hemos conseguido, pero esta ola parece traer algo diferente.&nbsp;<\/p>\n\n\n\n<p>Toda la vida hemos escuchado eso de \u201clo positivo llama a lo positivo\u201d, y si aquello de las din\u00e1micas siempre ha sido relevante, el partido de ayer nos sirve de muestra para confirmarlo. Los que pudimos disfrutar del encuentro coincidiremos en que el Albacete no fue peor que el Burgos, quiz\u00e1s tampoco se mereci\u00f3 volverse a casa de vac\u00edo, pero a\u00fan no demostrando la superioridad sobre el c\u00e9sped, tuvimos esa esperanza en que pudiera caer de nuestro lado, y la esperanza llama a la suerte.&nbsp;<\/p>\n\n\n\n<p>As\u00ed, tras un corner con cuatro rebotes y dos interminables minutos de VAR, la euforia lleg\u00f3 a las gradas del municipal. Un gol muy celebrado no s\u00f3lo por los tres puntos que significaba, sino tambi\u00e9n por todo lo que hay detr\u00e1s. Puede que estemos atravesando el mejor momento deportivo del club en los \u00faltimos treinta a\u00f1os y la ciudad se est\u00e1 empapando de ello: la vuelta al trabajo los lunes se hace m\u00e1s amena comentando el partido, los ni\u00f1os quieren ser Curro y no Bellingham, en la maleta de las vacaciones lo primero que metes es la camiseta de tu querido BCF, etc.&nbsp;&nbsp;<\/p>\n\n\n\n<p>La llegada de Jony Montiel especia los ingredientes que ya ten\u00edamos en esta receta. Aport\u00f3 desde el primer momento que salt\u00f3 al verde y de su golpeo naci\u00f3 ese segundo gol que todos empujamos al fondo de la red. A falta de alguna incorporaci\u00f3n de \u00faltima hora, que se antoja necesaria en posiciones clave, parece que Bolo tendr\u00e1 m\u00e1s alternativas cuando se gire al banquillo buscando algo que brinde nuevas ideas.&nbsp;<\/p>\n\n\n\n<p>Finaliza enero con un regusto muy parecido al que dej\u00f3 diciembre: el equipo sigue creciendo y fortaleci\u00e9ndose. Un mes que parece inmaculado en lo futbol\u00edstico por El Plant\u00edo, y es que en los \u00faltimos cuatro a\u00f1os, todos los partidos de competici\u00f3n liguera que ha jugado el equipo como local en el primer mes del calendario, los ha sumado como victorias.\u00a0<\/p>\n\n\n\n<p>Lo que tenemos por delante puede dar un poco de v\u00e9rtigo, pero es el momento de demostrar d\u00f3nde puede estar el equipo all\u00e1 por mayo. La pr\u00f3xima parada nos lleva a Elche, un equipo que aunque parece haber remontado ligeramente el vuelo respecto al inicio de la temporada, sigue dejando muchas dudas por su irregularidad. El Burgos ya no tiene miedo a nadie\u2026 \u00bfy si conquistamos el Mart\u00ednez Valero?.<\/p>\n","protected":false},"excerpt":{"rendered":"<p>Comentario de opini\u00f3n de Jairo Velasco sobre la actualidad del Burgos CF. Domingo, ocho y media de la tarde, la alegr\u00eda invad\u00eda a todo aficionado burgalesista y una t\u00edmida pregunta se repet\u00eda en los grupillos que se iban formando a la salida del estadio: \u00bfos imagin\u00e1is que este a\u00f1o entramos en play-off?. La respuesta estaba [&hellip;]<\/p>\n","protected":false},"author":15,"featured_media":115460,"comment_status":"closed","ping_status":"closed","sticky":false,"template":"","format":"standard","meta":{"_monsterinsights_skip_tracking":false,"_monsterinsights_sitenote_active":false,"_monsterinsights_sitenote_note":"","_monsterinsights_sitenote_category":0,"footnotes":""},"categories":[4,14],"tags":[29,1552,834,13],"class_list":{"0":"post-115459","1":"post","2":"type-post","3":"status-publish","4":"format-standard","5":"has-post-thumbnail","7":"category-futbol","8":"category-opinion","9":"tag-burgoscf","10":"tag-destacadas","11":"tag-jairovelasco","12":"tag-opinion"},"views":67,"_links":{"self":[{"href":"https:\/\/www.burgosdeporte.com\/index.php?rest_route=\/wp\/v2\/posts\/115459","targetHints":{"allow":["GET"]}}],"collection":[{"href":"https:\/\/www.burgosdeporte.com\/index.php?rest_route=\/wp\/v2\/posts"}],"about":[{"href":"https:\/\/www.burgosdeporte.com\/index.php?rest_route=\/wp\/v2\/types\/post"}],"author":[{"embeddable":true,"href":"https:\/\/www.burgosdeporte.com\/index.php?rest_route=\/wp\/v2\/users\/15"}],"replies":[{"embeddable":true,"href":"https:\/\/www.burgosdeporte.com\/index.php?rest_route=%2Fwp%2Fv2%2Fcomments&post=115459"}],"version-history":[{"count":1,"href":"https:\/\/www.burgosdeporte.com\/index.php?rest_route=\/wp\/v2\/posts\/115459\/revisions"}],"predecessor-version":[{"id":115461,"href":"https:\/\/www.burgosdeporte.com\/index.php?rest_route=\/wp\/v2\/posts\/115459\/revisions\/115461"}],"wp:featuredmedia":[{"embeddable":true,"href":"https:\/\/www.burgosdeporte.com\/index.php?rest_route=\/wp\/v2\/media\/115460"}],"wp:attachment":[{"href":"https:\/\/www.burgosdeporte.com\/index.php?rest_route=%2Fwp%2Fv2%2Fmedia&parent=115459"}],"wp:term":[{"taxonomy":"category","embeddable":true,"href":"https:\/\/www.burgosdeporte.com\/index.php?rest_route=%2Fwp%2Fv2%2Fcategories&post=115459"},{"taxonomy":"post_tag","embeddable":true,"href":"https:\/\/www.burgosdeporte.com\/index.php?rest_route=%2Fwp%2Fv2%2Ftags&post=115459"}],"curies":[{"name":"wp","href":"https:\/\/api.w.org\/{rel}","templated":true}]}}