{"id":115136,"date":"2024-01-24T14:20:38","date_gmt":"2024-01-24T12:20:38","guid":{"rendered":"https:\/\/www.burgosdeporte.com\/?p=115136"},"modified":"2024-01-24T14:20:53","modified_gmt":"2024-01-24T12:20:53","slug":"un-lunes-tonto","status":"publish","type":"post","link":"https:\/\/www.burgosdeporte.com\/?p=115136","title":{"rendered":"Un lunes tonto"},"content":{"rendered":"\n<h2 class=\"wp-block-heading\">Art\u00edculo de opini\u00f3n de Jairo Velasco sobre la actualidad del Burgos CF .<\/h2>\n\n\n\n<p>Unos lo tachan de locura, otros de amor incondicional, y puede que ambas vertientes tengan raz\u00f3n porque resulta algo bastante dif\u00edcil de explicar. Un d\u00eda laborable del mes de enero pasadas las ocho de la tarde, a sabiendas de lo importante de la prueba, m\u00e1s de trescientos blanquinegros se dan cita en un pueblo de la Comunidad de Madrid para no dejar solo a su equipo.&nbsp;<\/p>\n\n\n\n<p>Todos los que all\u00ed nos desplazamos, la mayor\u00eda despu\u00e9s de cumplir con nuestras obligaciones laborales, ten\u00edamos la esperanza de que fuera uno de esos \u201cd\u00edas tontos\u201d; Uno de esos en los que sin tener muchas expectativas y sin hacer mucho ruido nos fu\u00e9semos con un alegr\u00f3n a casa que hiciera valer la pena el recorrer los casi seiscientos kil\u00f3metros que separan ambas localidades en su ida y vuelta en la misma tarde.&nbsp;<\/p>\n\n\n\n<p>Un l\u00edder s\u00f3lido esperaba en su feudo. Un equipo al que ya conseguimos doblegar en la ida con mucho sufrimiento gracias a aquel gol de Curro en el segundo veinte de partido, el d\u00eda que naci\u00f3 aquel inolvidable c\u00e1ntico de \u201cel Burgos es toda mi vida\u201d y que fue entonado en bucle hasta el ansiado pitido final. Evidente distancia en la clasificaci\u00f3n, pero este Burgos no debe temer a nadie y as\u00ed se plant\u00f3 en el campo.&nbsp;<\/p>\n\n\n\n<p>Ganas de dominar a un equipo dominador, valga la redundancia. No era el planteamiento que a priori esper\u00e1bamos antes del comienzo del partido, pero el equipo burgal\u00e9s sali\u00f3 con ansias de demostrar las razones de ser el mejor equipo de las \u00faltimas ocho jornadas del campeonato liguero. Protagonismo para las bandas, sobre todo por la de Alex Sancris que cada vez est\u00e1 cogiendo m\u00e1s confianza y peso en la categor\u00eda, y al que los compa\u00f1eros le buscan continuamente como factor diferencial de esta plantilla.&nbsp;<\/p>\n\n\n\n<p>Pero todo este \u00edmpetu pronto fue echado por tierra. Primero un aviso en forma de gol anulado a la salida de un corner enfri\u00f3 el empuje visitante, y a los pocos minutos, en una jugada pr\u00e1cticamente calcada, llegar\u00eda el primer tanto pepinero. Sin casi margen en para la reacci\u00f3n, en otro bal\u00f3n parado, segundo golpe del Legan\u00e9s que dej\u00f3 muy tocados a todos los desplazados hasta el Municipal de Butarque. Lo del \u201clunes tonto\u201d se cumpl\u00eda, pero no en la direcci\u00f3n que hab\u00edamos deseado.&nbsp;<\/p>\n\n\n\n<p>Siendo cr\u00edticos con el planteamiento de Bolo, al cual tambi\u00e9n hay que loarle otras virtudes como la de la gesti\u00f3n de una plantilla tan corta de efectivos, quiz\u00e1s el partido requer\u00eda jugadores de m\u00e1s tallaje. Un equipo tan dominador en el juego a\u00e9reo como el Legan\u00e9s aseguraba problemas en acciones como las que provocaron los goles, y la presencia de Grego podr\u00eda haber sumado m\u00e1s duelos de cabeza ganados.&nbsp;<\/p>\n\n\n\n<p>Pese a todo esto el car\u00e1cter del equipo no se resinti\u00f3 en lo que rest\u00f3 de primera parte. Se sigui\u00f3 buscando la porter\u00eda rival acumulando m\u00e1s llegadas por bandas y centros peligrosos, pero era el d\u00eda del no, y si bien pudimos ponernos muy cerca al descanso con el gol de Fer Ni\u00f1o, se decret\u00f3 posici\u00f3n antirreglamentaria. Si un d\u00eda las cosas empiezan a salir mal, parece que lo negativo llama a lo negativo, y esa sensaci\u00f3n empez\u00f3 a flotar en la grada.&nbsp;<\/p>\n\n\n\n<p>En la segunda el \u201cLega\u201d dej\u00f3 hacer y el Burgos, pese a acumular la posesi\u00f3n y a intentarlo de todas las maneras, choc\u00f3 contra un muro que en ning\u00fan momento dio visos de debilidad. Los cambios, a mi parecer, tampoco ayudaron. La primera sustituci\u00f3n fue la de Appin, que hasta el momento hab\u00eda acaparado todo el protagonismo ofensivo del medio del campo, ante la muy discreta de un Curro que lleva unos cuantos partidos bastante desaparecido, lo cual discuerda en demas\u00eda con lo visto en el primer tercio de la competici\u00f3n. Atienza tampoco estuvo bien, y pese a sumar numerosas recuperaciones, no acert\u00f3 ni en el ritmo ni en la eficacia de la distribuci\u00f3n del juego. El madrile\u00f1o Sancris fue el segundo relevado y tambi\u00e9n result\u00f3 un tanto incomprensible cuando Ander hab\u00eda mostrado un nivel bastante m\u00e1s bajo y adem\u00e1s dejando su sitio a un Bermejo que jug\u00f3 a banda cambiada el tiempo que estuvo en el verde.\u00a0<\/p>\n\n\n\n<p>Lo que evidenci\u00f3 el partido del lunes es que si queremos optar a algo m\u00e1s esta temporada se hace muy necesario la llegada de fichajes en esta semana de cierre de mercado. Es muy dif\u00edcil competir con menos cartas que tu oponente, y m\u00e1s a\u00fan si las cartas son peores.\u00a0<\/p>\n\n\n\n<p>A la espera de novedades en la parcela deportiva, la figura del Albacete ya se prev\u00e9 en el horizonte en un partido mucho m\u00e1s importante de lo que puede parecer; Aunque la situaci\u00f3n clasificatoria es buena y hasta el momento nos podemos permitir mirar m\u00e1s hacia arriba que hacia abajo, conseguir los tres puntos ante el conjunto manchego supondr\u00eda acumular un importante colch\u00f3n respecto a la zona caliente de la tabla con la que afrontar\u00edamos con mucha m\u00e1s tranquilidad lo que nos viene por delante.&nbsp;<\/p>\n\n\n\n<p>Pr\u00f3xima batalla: domingo 18:30 horas, Estadio Municipal de El Plant\u00edo.&nbsp;<\/p>\n","protected":false},"excerpt":{"rendered":"<p>Art\u00edculo de opini\u00f3n de Jairo Velasco sobre la actualidad del Burgos CF . Unos lo tachan de locura, otros de amor incondicional, y puede que ambas vertientes tengan raz\u00f3n porque resulta algo bastante dif\u00edcil de explicar. Un d\u00eda laborable del mes de enero pasadas las ocho de la tarde, a sabiendas de lo importante de [&hellip;]<\/p>\n","protected":false},"author":15,"featured_media":115083,"comment_status":"closed","ping_status":"closed","sticky":false,"template":"","format":"standard","meta":{"_monsterinsights_skip_tracking":false,"_monsterinsights_sitenote_active":false,"_monsterinsights_sitenote_note":"","_monsterinsights_sitenote_category":0,"footnotes":""},"categories":[4,14],"tags":[29,1552,834,13],"class_list":{"0":"post-115136","1":"post","2":"type-post","3":"status-publish","4":"format-standard","5":"has-post-thumbnail","7":"category-futbol","8":"category-opinion","9":"tag-burgoscf","10":"tag-destacadas","11":"tag-jairovelasco","12":"tag-opinion"},"views":69,"_links":{"self":[{"href":"https:\/\/www.burgosdeporte.com\/index.php?rest_route=\/wp\/v2\/posts\/115136","targetHints":{"allow":["GET"]}}],"collection":[{"href":"https:\/\/www.burgosdeporte.com\/index.php?rest_route=\/wp\/v2\/posts"}],"about":[{"href":"https:\/\/www.burgosdeporte.com\/index.php?rest_route=\/wp\/v2\/types\/post"}],"author":[{"embeddable":true,"href":"https:\/\/www.burgosdeporte.com\/index.php?rest_route=\/wp\/v2\/users\/15"}],"replies":[{"embeddable":true,"href":"https:\/\/www.burgosdeporte.com\/index.php?rest_route=%2Fwp%2Fv2%2Fcomments&post=115136"}],"version-history":[{"count":1,"href":"https:\/\/www.burgosdeporte.com\/index.php?rest_route=\/wp\/v2\/posts\/115136\/revisions"}],"predecessor-version":[{"id":115137,"href":"https:\/\/www.burgosdeporte.com\/index.php?rest_route=\/wp\/v2\/posts\/115136\/revisions\/115137"}],"wp:featuredmedia":[{"embeddable":true,"href":"https:\/\/www.burgosdeporte.com\/index.php?rest_route=\/wp\/v2\/media\/115083"}],"wp:attachment":[{"href":"https:\/\/www.burgosdeporte.com\/index.php?rest_route=%2Fwp%2Fv2%2Fmedia&parent=115136"}],"wp:term":[{"taxonomy":"category","embeddable":true,"href":"https:\/\/www.burgosdeporte.com\/index.php?rest_route=%2Fwp%2Fv2%2Fcategories&post=115136"},{"taxonomy":"post_tag","embeddable":true,"href":"https:\/\/www.burgosdeporte.com\/index.php?rest_route=%2Fwp%2Fv2%2Ftags&post=115136"}],"curies":[{"name":"wp","href":"https:\/\/api.w.org\/{rel}","templated":true}]}}