{"id":114653,"date":"2024-01-15T12:34:10","date_gmt":"2024-01-15T10:34:10","guid":{"rendered":"https:\/\/www.burgosdeporte.com\/?p=114653"},"modified":"2024-01-15T18:59:15","modified_gmt":"2024-01-15T16:59:15","slug":"insuperable","status":"publish","type":"post","link":"https:\/\/www.burgosdeporte.com\/?p=114653","title":{"rendered":"Insuperable"},"content":{"rendered":"\n<h2 class=\"wp-block-heading\">Articulo de opini\u00f3n de Jairo Velasco sobre la actualidad del Burgos CF.<\/h2>\n\n\n\n<p>En la vida de las personas hay fechas que quedan marcadas para siempre, que perduran en el tiempo y que inevitablemente te sacan una sonrisa al recordarlas. Momentos en los que tambi\u00e9n est\u00e1n grabados los que te rodean, y en los que la mente te lleva a aquellos que no est\u00e1n pero los sientes a tu lado.&nbsp;&nbsp;&nbsp;<\/p>\n\n\n\n<p>Noche de comuni\u00f3n, de abrazarte a tu compa\u00f1ero de butaca aunque no sepas ni qui\u00e9n es, porque ese d\u00eda le sientes como a un hermano. Emoci\u00f3n que a\u00fan recorre tu sistema nervioso ya pasadas unas horas desde el pitido final, vello erizado, piel de gallina. Armon\u00eda entre todos los presentes que entendieron que m\u00e1s all\u00e1 de un partido de f\u00fatbol se defend\u00eda a toda una ciudad, unos colores, un himno y un esp\u00edritu de lucha que acompa\u00f1a a todo burgal\u00e9s obligado a salir de su hogar.&nbsp;<\/p>\n\n\n\n<p>Tierra sagrada donde yo nac\u00ed, suelo bendito donde morir\u00e9. Un derbi con ganas de revancha despu\u00e9s de lo ocurrido en el mes de octubre, en lo que todo lo que pudo salir mal, sali\u00f3 mal; Un Burgos en din\u00e1mica ascendente frente a un Valladolid con infinidad de recursos pero con dudas desde el inicio de la temporada. La batalla estaba asegurada y el apoyo de la grada se presum\u00eda fundamental para marcar la diferencia.<\/p>\n\n\n\n<p>Noventa minutos de tensi\u00f3n, de ojos vidriosos, de despejar cada bal\u00f3n desde tu asiento, de gritar cada canci\u00f3n hasta salir con la voz rota. Once blanquinegros en el c\u00e9sped que parecieron jugar con las ganas de todos los aficionados, no regalando ni un cent\u00edmetro de terreno y luchando cada bal\u00f3n hasta su visible extenuaci\u00f3n.&nbsp;<\/p>\n\n\n\n<p>Dentro de toda esta vor\u00e1gine de sentimientos tengo que dedicar un p\u00e1rrafo a Jon P\u00e9rez Bolo. Un tipo fr\u00edo, sin demasiada verborrea, quiz\u00e1s con un esp\u00edritu mucho m\u00e1s burgal\u00e9s de lo que pudiera parecer, y que pese a recibir palos de todo el mundo, dentro de los que me incluyo, ha sabido modificar su idea de juego inicial para adaptarla a sus jugadores y lograr as\u00ed un equilibrio muy interesante y con personalidad.&nbsp;<\/p>\n\n\n\n<p>Es verdad que el equipo no brilla por su juego, que tampoco generamos tantas ocasiones como en los primeros partidos, pero esa endeblez defensiva mostrada al inicio de temporada se ha convertido en fortaleza y organizaci\u00f3n, minimizando los errores e intentando llevar la pelota hasta tres cuartos de ataque donde la verticalidad de las bandas est\u00e1 siendo la piedra angular del ataque burgal\u00e9s.&nbsp;<\/p>\n\n\n\n<p>Ah\u00ed es donde destac\u00f3 Ander Mart\u00edn. El donostiarra, que lleg\u00f3 con muy buen cartel, parec\u00eda haber perdido su sitio en un once inicial en el que parti\u00f3 en los primeros compases de la competici\u00f3n, siendo relegado a los minutos \u201cde la basura\u201d. Ejemplo de trabajo y esfuerzo, el s\u00e1bado aprovech\u00f3 su titularidad explotando todas esas cualidades que encantan en Burgos, sum\u00e1ndose a la causa en lo que queda de temporada.&nbsp;<\/p>\n\n\n\n<p>Los nervios se transformaron en animaci\u00f3n y el alivio lleg\u00f3 con los tres pitidos finales. La celebraci\u00f3n de jugadores y afici\u00f3n, como se dir\u00eda en la jerga juvenil, fue \u201cotro rollo\u201d; Vuelta de honor incluida para esos que ayer defendieron el escudo como si hubiesen nacido en Gamonal, San Pedro de la Fuente o El Crucero. El Burgos es toda mi vida.&nbsp;<\/p>\n","protected":false},"excerpt":{"rendered":"<p>Articulo de opini\u00f3n de Jairo Velasco sobre la actualidad del Burgos CF. En la vida de las personas hay fechas que quedan marcadas para siempre, que perduran en el tiempo y que inevitablemente te sacan una sonrisa al recordarlas. Momentos en los que tambi\u00e9n est\u00e1n grabados los que te rodean, y en los que la [&hellip;]<\/p>\n","protected":false},"author":15,"featured_media":114658,"comment_status":"closed","ping_status":"closed","sticky":false,"template":"","format":"standard","meta":{"_monsterinsights_skip_tracking":false,"_monsterinsights_sitenote_active":false,"_monsterinsights_sitenote_note":"","_monsterinsights_sitenote_category":0,"footnotes":""},"categories":[4,14],"tags":[29,1552,834,13],"class_list":{"0":"post-114653","1":"post","2":"type-post","3":"status-publish","4":"format-standard","5":"has-post-thumbnail","7":"category-futbol","8":"category-opinion","9":"tag-burgoscf","10":"tag-destacadas","11":"tag-jairovelasco","12":"tag-opinion"},"views":63,"_links":{"self":[{"href":"https:\/\/www.burgosdeporte.com\/index.php?rest_route=\/wp\/v2\/posts\/114653","targetHints":{"allow":["GET"]}}],"collection":[{"href":"https:\/\/www.burgosdeporte.com\/index.php?rest_route=\/wp\/v2\/posts"}],"about":[{"href":"https:\/\/www.burgosdeporte.com\/index.php?rest_route=\/wp\/v2\/types\/post"}],"author":[{"embeddable":true,"href":"https:\/\/www.burgosdeporte.com\/index.php?rest_route=\/wp\/v2\/users\/15"}],"replies":[{"embeddable":true,"href":"https:\/\/www.burgosdeporte.com\/index.php?rest_route=%2Fwp%2Fv2%2Fcomments&post=114653"}],"version-history":[{"count":1,"href":"https:\/\/www.burgosdeporte.com\/index.php?rest_route=\/wp\/v2\/posts\/114653\/revisions"}],"predecessor-version":[{"id":114659,"href":"https:\/\/www.burgosdeporte.com\/index.php?rest_route=\/wp\/v2\/posts\/114653\/revisions\/114659"}],"wp:featuredmedia":[{"embeddable":true,"href":"https:\/\/www.burgosdeporte.com\/index.php?rest_route=\/wp\/v2\/media\/114658"}],"wp:attachment":[{"href":"https:\/\/www.burgosdeporte.com\/index.php?rest_route=%2Fwp%2Fv2%2Fmedia&parent=114653"}],"wp:term":[{"taxonomy":"category","embeddable":true,"href":"https:\/\/www.burgosdeporte.com\/index.php?rest_route=%2Fwp%2Fv2%2Fcategories&post=114653"},{"taxonomy":"post_tag","embeddable":true,"href":"https:\/\/www.burgosdeporte.com\/index.php?rest_route=%2Fwp%2Fv2%2Ftags&post=114653"}],"curies":[{"name":"wp","href":"https:\/\/api.w.org\/{rel}","templated":true}]}}