{"id":114234,"date":"2024-01-08T17:06:17","date_gmt":"2024-01-08T15:06:17","guid":{"rendered":"https:\/\/www.burgosdeporte.com\/?p=114234"},"modified":"2024-01-10T20:14:02","modified_gmt":"2024-01-10T18:14:02","slug":"ley-de-perogrullo","status":"publish","type":"post","link":"https:\/\/www.burgosdeporte.com\/?p=114234","title":{"rendered":"Ley de Perogrullo"},"content":{"rendered":"\n<h2 class=\"wp-block-heading\">Articulo de opini\u00f3n de Jairo Velasco sobre la actualidad del Burgos CF .<\/h2>\n\n\n\n<p>Resulta demasiado obvio afirmar que en un enfrentamiento entre dos conjuntos de categor\u00edas diferentes tiene todas las papeletas de llevarse el gato al agua el de mayor estrato, bien por calidad, por preparaci\u00f3n, por presupuesto, por fondo de plantilla, y sobre todo por dominar esos peque\u00f1os detalles del f\u00fatbol que son los que realmente dan los puntos. Bien sabemos que el f\u00fatbol es un deporte de errores y aciertos, un juego de \u00e1reas en el que quien logra sobresalir en ellas tiene mucho avanzado en aras de doblegar al oponente, y ejemplo claro lo tenemos en estos dieciseisavos de copa que han tenido lugar en El Plant\u00edo.&nbsp;<\/p>\n\n\n\n<p>Ma\u00f1ana fr\u00eda a orillas del Arlanz\u00f3n, con muchas ganas del primer partido de este reci\u00e9n estrenado a\u00f1o nuevo pero con un ambiente enturbiado por todos los acontecimientos extradeportivos de las \u00faltimas fechas. Mucha incertidumbre por lo que pudiera generar en la grada la presencia de la antigua y la nueva propiedad y cierto temor por si esto pod\u00eda afectar en lo que sucediera en el campo; Por suerte la protesta qued\u00f3 donde ten\u00eda que quedar y el protagonismo lo tom\u00f3 lo puramente futbol\u00edstico.<\/p>\n\n\n\n<p>&nbsp;Dos equipos con hambre por pasar la eliminatoria, sin intenci\u00f3n de regalar nada, peleando por cada metro del terreno. Aguirre rot\u00f3 gran parte de su once habitual despu\u00e9s de casi dar la campanada en el Bernab\u00e9u, pero no por eso baj\u00f3 el buen nivel demostrado en los \u00faltimos partidos del conjunto bermell\u00f3n; Resultando tan serios como el entrenador mexicano les ped\u00eda en la rueda de prensa pre-partido, sabiendo que esta ser\u00e1 la clave si el pr\u00f3ximo a\u00f1o quieren seguir formando parte de la m\u00e1xima categor\u00eda del f\u00fatbol nacional.&nbsp;<\/p>\n\n\n\n<p>Bolo sali\u00f3 con un esquema muy similar al que nos hab\u00eda dado tan buenos resultados en los \u00faltimos partidos: l\u00ednea de cuatro atr\u00e1s con un \u00fanico pivote por delante acompa\u00f1ado por un mediocentro de un corte m\u00e1s creativo y dos extremos bien abiertos que dieran amplitud a la l\u00ednea de tres cuartos del equipo, con un Curro entre l\u00edneas enlazando con el punta.&nbsp;&nbsp;&nbsp;<\/p>\n\n\n\n<p>Vimos a un entrenador vizca\u00edno mucho m\u00e1s activo en la banda de lo que suele ser, desga\u00f1it\u00e1ndose en ocasiones ante los errores de los nuestros, que por momentos parecieron superados por el ambiente especial que el partido tra\u00eda consigo. Para \u00e9l tambi\u00e9n era un d\u00eda de demostrar, un d\u00eda en el que muchas m\u00e1s miradas de las habituales se posan sobre los m\u00e1s modestos y pasar de eliminatoria te puede hacer abrir portadas. Quiz\u00e1s todo esto atenaz\u00f3 a los nuestros y nos quedamos con la sensaci\u00f3n de que si hubi\u00e9ramos tenido un poco m\u00e1s de fe, el resultado podr\u00eda haber sido otro.&nbsp;<\/p>\n\n\n\n<p>Para el que me lea conociendo el resultado y sin haber visto el partido este \u00faltimo p\u00e1rrafo le puede parecer muy sensacionalista, propio de quien escribe sin quitarse la camiseta, pero simplemente hay que remitirse a las estad\u00edsticas para darse cuenta de que el castigo fue demasiado severo. Igualdad en la posesi\u00f3n, en disparos, m\u00e1s saques de esquina, m\u00e1s paradas de su portero, pero aqu\u00ed es donde hay que volver al principio del comentario.\u00a0<\/p>\n\n\n\n<p>Cuando desde el mes de agosto se va confeccionado la plantilla de un equipo todas las miradas se dirigen a qui\u00e9n llevar\u00e1 el nueve, el delantero, ese sobre el que sus goles se depositan las posibilidades de estar en una zona u otra de la clasificaci\u00f3n. Los que hemos visto al Burgos vagar por las diferentes divisiones podemos dar corroborar que esta posici\u00f3n es la m\u00e1s complicada de cubrir en una plantilla, buscando a\u00f1o tras a\u00f1o una efectividad muy dif\u00edcil de encontrar, ya que el gol se paga.\u00a0<\/p>\n\n\n\n<p>Y efectividad es la palabra clave del partido de este domingo. El Burgos ha jugado un buen encuentro, explotando sus bazas, y aunque menos preciso de lo que nos tiene acostumbrados, compitiendo de t\u00fa a t\u00fa durante la mayor parte de los noventa minutos. La diferencia ha estado en las \u00e1reas, siendo las llegadas similares en n\u00famero, el resultado ha sido muy dispar y esa es la principal diferencia entre un equipo de Segunda y uno de Primera, los de arriba no perdonan y sus golpes duelen por dos.\u00a0<\/p>\n\n\n\n<p>El s\u00e1bado nos enfrentamos a otro primera, no por categor\u00eda pero s\u00ed por todo lo dem\u00e1s. Fecha de las que se apuntan desde que se sortea el calendario y ganas multiplicadas de vencer un derbi que nos puede poner en posici\u00f3n de aspirar a todo. Noche especial en la que la fuerza de la grada tendr\u00e1 m\u00e1s valor que nunca en buena lid de conseguir prolongar la buena racha liguera.<\/p>\n\n\n\n<p>&nbsp;Que nadie nos lo estropee.&nbsp;<\/p>\n","protected":false},"excerpt":{"rendered":"<p>Articulo de opini\u00f3n de Jairo Velasco sobre la actualidad del Burgos CF . Resulta demasiado obvio afirmar que en un enfrentamiento entre dos conjuntos de categor\u00edas diferentes tiene todas las papeletas de llevarse el gato al agua el de mayor estrato, bien por calidad, por preparaci\u00f3n, por presupuesto, por fondo de plantilla, y sobre todo [&hellip;]<\/p>\n","protected":false},"author":15,"featured_media":114133,"comment_status":"closed","ping_status":"closed","sticky":false,"template":"","format":"standard","meta":{"_monsterinsights_skip_tracking":false,"_monsterinsights_sitenote_active":false,"_monsterinsights_sitenote_note":"","_monsterinsights_sitenote_category":0,"footnotes":""},"categories":[4,14],"tags":[29,834,13],"class_list":{"0":"post-114234","1":"post","2":"type-post","3":"status-publish","4":"format-standard","5":"has-post-thumbnail","7":"category-futbol","8":"category-opinion","9":"tag-burgoscf","10":"tag-jairovelasco","11":"tag-opinion"},"views":61,"_links":{"self":[{"href":"https:\/\/www.burgosdeporte.com\/index.php?rest_route=\/wp\/v2\/posts\/114234","targetHints":{"allow":["GET"]}}],"collection":[{"href":"https:\/\/www.burgosdeporte.com\/index.php?rest_route=\/wp\/v2\/posts"}],"about":[{"href":"https:\/\/www.burgosdeporte.com\/index.php?rest_route=\/wp\/v2\/types\/post"}],"author":[{"embeddable":true,"href":"https:\/\/www.burgosdeporte.com\/index.php?rest_route=\/wp\/v2\/users\/15"}],"replies":[{"embeddable":true,"href":"https:\/\/www.burgosdeporte.com\/index.php?rest_route=%2Fwp%2Fv2%2Fcomments&post=114234"}],"version-history":[{"count":1,"href":"https:\/\/www.burgosdeporte.com\/index.php?rest_route=\/wp\/v2\/posts\/114234\/revisions"}],"predecessor-version":[{"id":114237,"href":"https:\/\/www.burgosdeporte.com\/index.php?rest_route=\/wp\/v2\/posts\/114234\/revisions\/114237"}],"wp:featuredmedia":[{"embeddable":true,"href":"https:\/\/www.burgosdeporte.com\/index.php?rest_route=\/wp\/v2\/media\/114133"}],"wp:attachment":[{"href":"https:\/\/www.burgosdeporte.com\/index.php?rest_route=%2Fwp%2Fv2%2Fmedia&parent=114234"}],"wp:term":[{"taxonomy":"category","embeddable":true,"href":"https:\/\/www.burgosdeporte.com\/index.php?rest_route=%2Fwp%2Fv2%2Fcategories&post=114234"},{"taxonomy":"post_tag","embeddable":true,"href":"https:\/\/www.burgosdeporte.com\/index.php?rest_route=%2Fwp%2Fv2%2Ftags&post=114234"}],"curies":[{"name":"wp","href":"https:\/\/api.w.org\/{rel}","templated":true}]}}