{"id":113993,"date":"2024-01-05T15:57:36","date_gmt":"2024-01-05T13:57:36","guid":{"rendered":"https:\/\/www.burgosdeporte.com\/?p=113993"},"modified":"2024-01-05T18:23:31","modified_gmt":"2024-01-05T16:23:31","slug":"bolo-oculta-su-estrategia-buscando-sorprender-al-real-mallorca","status":"publish","type":"post","link":"https:\/\/www.burgosdeporte.com\/?p=113993","title":{"rendered":"Bolo oculta su estrategia buscando sorprender al Real Mallorca"},"content":{"rendered":"\n<p><strong><em>Jon P\u00e9rez Bolo no quiere descubrir sus cartas y darle facilidades al t\u00e9cnico del RCD Mallorca, Javier Aguirre. Sabe que el mexicano tiene muy bien estudiado al Burgos CF y por eso s\u00f3lo habla de \u00abdisfrutar y ser fuertes en las dos \u00e1reas\u00bb<\/em><\/strong><\/p>\n\n\n<div class=\"wp-block-image\">\n<figure class=\"aligncenter size-full\"><a href=\"https:\/\/www.hotelciudaddeburgos.com\/\" target=\"_blank\" rel=\"noreferrer noopener\"><img loading=\"lazy\" decoding=\"async\" width=\"300\" height=\"90\" src=\"https:\/\/www.burgosdeporte.com\/wp-content\/uploads\/2023\/10\/HCB.fw_.png\" alt=\"\" class=\"wp-image-108433\" srcset=\"https:\/\/www.burgosdeporte.com\/wp-content\/uploads\/2023\/10\/HCB.fw_.png 300w, https:\/\/www.burgosdeporte.com\/wp-content\/uploads\/2023\/10\/HCB.fw_-150x45.png 150w\" sizes=\"auto, (max-width: 300px) 100vw, 300px\" \/><\/a><\/figure>\n<\/div>\n\n\n<p>El entrenador del Burgos CF, Jon P\u00e9rez Bolo, tiene en el m\u00edster del RCD Mallorca, Javier Aguirre, un referente y no quiere \u00abdar pistas\u00bb sobre c\u00f3mo va a salir su equipo este domingo a mediod\u00eda. \u00abEs un hombre de f\u00fatbol y sabe mucho de esto. No vamos a darles pistas de c\u00f3mo vamos a afrontar el partido lo que s\u00ed es que nosotros vamos a intentar ser fuertes en las \u00e1reas sacar nuestras virtudes a relucir\u00bb, declaraba Bolo.<\/p>\n\n\n\n<p>Sabe que Aguirre tiene bien estudiado al Burgos CF y recomienda a su equipo \u00abhacer un buen partido y disfrutarlo, porque hemos pasado dos eliminatorias complicadas y \u00e9sta es para disfrutar todos juntos\u00bb.<\/p>\n\n\n\n<p>Aun es pronto para saber si Bolo podr\u00e1 contar con Fer Ni\u00f1o para este partido, contra un rival en el que jug\u00f3 el delantero blanquinegro. Eso s\u00ed, no va a correr riesgos. Bolo ha asegurado que van a valorarlo todo porque \u00absomos conscientes de que tenemos una segunda vuelta muy atractiva y que hay partidos muy importantes que tienen que llegar; sabemos que Fer es un jugador importante pero al igual que&nbsp; Espiau, Bermejo o Curro\u2026 cualquiera\u00bb.<\/p>\n\n\n\n<p>Con respecto a la llegada de la nueva propiedad, Bolo ha subrayado que ya hablado con Grandinneti y con Ronald \u00abpor tel\u00e9fono\u00bb y ha asegurado que le han transmitido \u00abtranquilidad, que sigamos haciendo las cosas como estamos haciendo porque bajo su punto de vista se est\u00e1n haciendo muy bien las cosas\u00bb.<\/p>\n\n\n\n<p><strong>Afici\u00f3n<\/strong><\/p>\n\n\n\n<p>Bolo es consciente del malestar que ha creado en un sector de la afici\u00f3n la llegada de capital argentino a la SAD burgalesa. Entiende a la afici\u00f3n \u00abque es soberana y tiene que manifestarse de la forma que crea conveniente\u00bb. Pero no tiene&nbsp; \u00abninguna duda\u00bb que cuando el bal\u00f3n eche a rodar \u00abva a seguir estando con nosotros y que nos va a animar al 200%, porque quiere lo mismo que nosotros: que el Burgos est\u00e9 lo m\u00e1s arriba posible \u00bb<\/p>\n\n\n\n<p>Pero lanza un aviso serio: este objetivo se consigue \u00abremando en la misma direcci\u00f3n, si nos despistamos nos va a costar mucho conseguir los objetivos\u00bb. Por eso cree que es necesario \u00abseguir unidos; tenemos que seguir trabajando en equipo todos, afici\u00f3n, club medios de comunicaci\u00f3n, todos porque al final lo importante es el Burgos CF<\/p>\n\n\n\n<p><strong>Fichajes<\/strong><\/p>\n\n\n\n<p>Lo que queda por delante este mes de enero hace necesario pensar que el equipo se tiene que reforzar. El m\u00edster del Burgos CF recuerda que la Segunda Divisi\u00f3n es muy larga y que el equipo anda justo de efectivos \u00abm\u00e1s con la salida de Andy y la lesi\u00f3n de Esteban Saveljich: \u00abBuscamos un jugador por l\u00ednea. Luego veremos el mercado y lo que podemos hacer\u00bb.<\/p>\n","protected":false},"excerpt":{"rendered":"<p>Jon P\u00e9rez Bolo no quiere descubrir sus cartas y darle facilidades al t\u00e9cnico del RCD Mallorca, Javier Aguirre. Sabe que el mexicano tiene muy bien estudiado al Burgos CF y por eso s\u00f3lo habla de \u00abdisfrutar y ser fuertes en las dos \u00e1reas\u00bb El entrenador del Burgos CF, Jon P\u00e9rez Bolo, tiene en el m\u00edster [&hellip;]<\/p>\n","protected":false},"author":21,"featured_media":113994,"comment_status":"closed","ping_status":"closed","sticky":false,"template":"","format":"standard","meta":{"_monsterinsights_skip_tracking":false,"_monsterinsights_sitenote_active":false,"_monsterinsights_sitenote_note":"","_monsterinsights_sitenote_category":0,"footnotes":""},"categories":[4],"tags":[29,496,1552,32,573],"class_list":{"0":"post-113993","1":"post","2":"type-post","3":"status-publish","4":"format-standard","5":"has-post-thumbnail","7":"category-futbol","8":"tag-burgoscf","9":"tag-copadelrey","10":"tag-destacadas","11":"tag-futbol","12":"tag-jonperezbolo"},"views":63,"_links":{"self":[{"href":"https:\/\/www.burgosdeporte.com\/index.php?rest_route=\/wp\/v2\/posts\/113993","targetHints":{"allow":["GET"]}}],"collection":[{"href":"https:\/\/www.burgosdeporte.com\/index.php?rest_route=\/wp\/v2\/posts"}],"about":[{"href":"https:\/\/www.burgosdeporte.com\/index.php?rest_route=\/wp\/v2\/types\/post"}],"author":[{"embeddable":true,"href":"https:\/\/www.burgosdeporte.com\/index.php?rest_route=\/wp\/v2\/users\/21"}],"replies":[{"embeddable":true,"href":"https:\/\/www.burgosdeporte.com\/index.php?rest_route=%2Fwp%2Fv2%2Fcomments&post=113993"}],"version-history":[{"count":1,"href":"https:\/\/www.burgosdeporte.com\/index.php?rest_route=\/wp\/v2\/posts\/113993\/revisions"}],"predecessor-version":[{"id":113995,"href":"https:\/\/www.burgosdeporte.com\/index.php?rest_route=\/wp\/v2\/posts\/113993\/revisions\/113995"}],"wp:featuredmedia":[{"embeddable":true,"href":"https:\/\/www.burgosdeporte.com\/index.php?rest_route=\/wp\/v2\/media\/113994"}],"wp:attachment":[{"href":"https:\/\/www.burgosdeporte.com\/index.php?rest_route=%2Fwp%2Fv2%2Fmedia&parent=113993"}],"wp:term":[{"taxonomy":"category","embeddable":true,"href":"https:\/\/www.burgosdeporte.com\/index.php?rest_route=%2Fwp%2Fv2%2Fcategories&post=113993"},{"taxonomy":"post_tag","embeddable":true,"href":"https:\/\/www.burgosdeporte.com\/index.php?rest_route=%2Fwp%2Fv2%2Ftags&post=113993"}],"curies":[{"name":"wp","href":"https:\/\/api.w.org\/{rel}","templated":true}]}}