{"id":113978,"date":"2024-01-04T22:53:27","date_gmt":"2024-01-04T20:53:27","guid":{"rendered":"https:\/\/www.burgosdeporte.com\/?p=113978"},"modified":"2024-01-06T02:05:46","modified_gmt":"2024-01-06T00:05:46","slug":"carta-a-sus-majestades-de-oriente","status":"publish","type":"post","link":"https:\/\/www.burgosdeporte.com\/?p=113978","title":{"rendered":"Carta a Sus Majestades de Oriente"},"content":{"rendered":"\n<h2 class=\"wp-block-heading\">Articulo de opini\u00f3n de Jairo Velasco sobre la actualidad del Burgos CF.<\/h2>\n\n\n\n<p>No somos muy de pedir por las orillas del Arlanz\u00f3n; Seguramente esta mentalidad venga de nuestra historia como castellanos: fr\u00edos y sin intenci\u00f3n de molestar, m\u00e1s acostumbrados a que nos quiten que a recibir. Estas sensaciones son muy extrapolables a todos los aficionados burgalesistas, muchas veces aquejados de llevar la tirita puesta antes de que llegue el golpe, porque sabemos que va a llegar.&nbsp;<\/p>\n\n\n\n<p>Si pusi\u00e9ramos en una balanza todo lo que nos ha dado este club desde que cada uno, individualmente, se pueda considerar seguidor, seguramente el plato que m\u00e1s pesara ser\u00eda en el que recae lo negativo. Un escudo con una historia c\u00edclica, con momentos de gloria pero enturbiado por otros muy tristes, en el que la estabilidad parece ser una quimera imposible de conseguir.<\/p>\n\n\n\n<p>Sin duda, durante estos \u00faltimos a\u00f1os estamos viviendo uno de esos giros mencionados en el p\u00e1rrafo anterior. Deportivamente disfrutamos de uno de los lapsos m\u00e1s dulces desde que muchos tenemos recuerdo, consolidados en la divisi\u00f3n de plata del f\u00fatbol nacional y con coqueteos con la zona alta que enganchan a todo aquel que pisa las gradas del municipal. Muchos de los ni\u00f1os de la ciudad habr\u00e1n incluido una camiseta de su querido Burgos en su carta a los Reyes, y pocas cosas pueden dar m\u00e1s orgullo a un club que lleva m\u00e1s de treinta a\u00f1os sin pisar la Primera Divisi\u00f3n.&nbsp;<\/p>\n\n\n\n<p>Pero si bien todo esto nos hace sacar pecho como aficionados blanquinegros, la situaci\u00f3n administrativa y de direcci\u00f3n del club hace que todo lo conseguido en el verde pase a un segundo plano. En este punto debemos volver a acordarnos de la historia, de todo lo vivido desde principios de los a\u00f1os noventa: la refundaci\u00f3n, Novoa, el descenso, los a\u00f1os por el desierto con Barriocanal, los Caselli, etc. Y es que, si, somos desconfiados y casi siempre nos tememos lo peor, pero es que si miramos atr\u00e1s, se nos hace dif\u00edcil tener una mentalidad m\u00e1s positiva.&nbsp;<\/p>\n\n\n\n<p>Estas navidades personalmente he vivido uno de los momentos m\u00e1s tristes que recuerdo como aficionado del equipo de mi ciudad, no es una sensaci\u00f3n desconocida y quiz\u00e1s por eso es a\u00fan m\u00e1s dolorosa. Esa emoci\u00f3n de que vuelven a jugar contigo, de que aunque ya no esperabas nada bueno de quien te lo hace, te sientes impotente al ver c\u00f3mo te vuelven a enga\u00f1ar y adem\u00e1s se pretende que pongas buena cara.&nbsp;<\/p>\n\n\n\n<p>El grupo Yuc\u00f3n, aquellos burgaleses que ven\u00edan a poner al equipo de su ciudad donde se merec\u00eda m\u00e1s all\u00e1 de cualquier proyecto econ\u00f3mico que pudiera haber detr\u00e1s, se han desdicho una vez m\u00e1s y han vendido su juguete a cambio de un pu\u00f1ado de billetes sin tener en cuenta a su masa social, a la que perjuraban respetar y tener muy en cuenta en sus decisiones. Tristemente han preferido pasar a la historia del club como un grupo de empresarios sin escr\u00fapulos, que primero vendieron su empresa a cambio de nada y dos a\u00f1os despu\u00e9s mintieron a todo el accionariado despu\u00e9s de haberla vendido de nuevo d\u00edas antes.&nbsp;<\/p>\n\n\n\n<p>Mucho misterio en todo lo que envuelve ahora al futuro de la entidad. Desconocemos qui\u00e9nes ser\u00e1n los nuevos propietarios escondidos tras una empresa fantasma que tiene como sede una segunda planta de un edificio del centro de Madrid en la que nadie ha o\u00eddo hablar de ella. <\/p>\n\n\n\n<p>Desconocemos cu\u00e1l es su proyecto deportivo y hasta donde llegar\u00e1n las similitudes entre organizar conciertos y armar plantillas futbol\u00edsticas. Y tambi\u00e9n desconocemos qu\u00e9 papel va a tener Yuc\u00f3n en lo que le quede por el palco de El Plant\u00edo, en lo que seguro que no ser\u00e1n domingos f\u00e1ciles para ellos.\u00a0<\/p>\n\n\n\n<p>Por todo lo redactado hasta ahora, mi carta a Sus Majestades de Oriente va a ser breve: que la noticia sea que no haya noticias. Que por fin los protagonistas sean los futbolistas, los esquemas, el entrenador y los fichajes de Michu, que dejemos de mirar a las oficinas y a las filtraciones diarias a la prensa, que podamos disfrutar de esa estabilidad deportiva que no conocemos desde hace mucho tiempo.&nbsp;<\/p>\n\n\n\n<p>He de confesar que mis peticiones se me antojan dif\u00edciles de cumplir y he mirado m\u00e1s a mi coraz\u00f3n que a mi cabeza para escribir estas palabras, pero la navidad es \u00e9poca m\u00e1gica para confiar en lo que parece imposible y esta vez no nos queda otra que creer.<\/p>\n\n\n\n<p><\/p>\n\n\n\n<p><\/p>\n","protected":false},"excerpt":{"rendered":"<p>Articulo de opini\u00f3n de Jairo Velasco sobre la actualidad del Burgos CF. No somos muy de pedir por las orillas del Arlanz\u00f3n; Seguramente esta mentalidad venga de nuestra historia como castellanos: fr\u00edos y sin intenci\u00f3n de molestar, m\u00e1s acostumbrados a que nos quiten que a recibir. Estas sensaciones son muy extrapolables a todos los aficionados [&hellip;]<\/p>\n","protected":false},"author":15,"featured_media":113979,"comment_status":"closed","ping_status":"closed","sticky":false,"template":"","format":"standard","meta":{"_monsterinsights_skip_tracking":false,"_monsterinsights_sitenote_active":false,"_monsterinsights_sitenote_note":"","_monsterinsights_sitenote_category":0,"footnotes":""},"categories":[4,14],"tags":[1553,29,834,13],"class_list":{"0":"post-113978","1":"post","2":"type-post","3":"status-publish","4":"format-standard","5":"has-post-thumbnail","7":"category-futbol","8":"category-opinion","9":"tag-actualidad-2","10":"tag-burgoscf","11":"tag-jairovelasco","12":"tag-opinion"},"views":63,"_links":{"self":[{"href":"https:\/\/www.burgosdeporte.com\/index.php?rest_route=\/wp\/v2\/posts\/113978","targetHints":{"allow":["GET"]}}],"collection":[{"href":"https:\/\/www.burgosdeporte.com\/index.php?rest_route=\/wp\/v2\/posts"}],"about":[{"href":"https:\/\/www.burgosdeporte.com\/index.php?rest_route=\/wp\/v2\/types\/post"}],"author":[{"embeddable":true,"href":"https:\/\/www.burgosdeporte.com\/index.php?rest_route=\/wp\/v2\/users\/15"}],"replies":[{"embeddable":true,"href":"https:\/\/www.burgosdeporte.com\/index.php?rest_route=%2Fwp%2Fv2%2Fcomments&post=113978"}],"version-history":[{"count":1,"href":"https:\/\/www.burgosdeporte.com\/index.php?rest_route=\/wp\/v2\/posts\/113978\/revisions"}],"predecessor-version":[{"id":113980,"href":"https:\/\/www.burgosdeporte.com\/index.php?rest_route=\/wp\/v2\/posts\/113978\/revisions\/113980"}],"wp:featuredmedia":[{"embeddable":true,"href":"https:\/\/www.burgosdeporte.com\/index.php?rest_route=\/wp\/v2\/media\/113979"}],"wp:attachment":[{"href":"https:\/\/www.burgosdeporte.com\/index.php?rest_route=%2Fwp%2Fv2%2Fmedia&parent=113978"}],"wp:term":[{"taxonomy":"category","embeddable":true,"href":"https:\/\/www.burgosdeporte.com\/index.php?rest_route=%2Fwp%2Fv2%2Fcategories&post=113978"},{"taxonomy":"post_tag","embeddable":true,"href":"https:\/\/www.burgosdeporte.com\/index.php?rest_route=%2Fwp%2Fv2%2Ftags&post=113978"}],"curies":[{"name":"wp","href":"https:\/\/api.w.org\/{rel}","templated":true}]}}