{"id":113526,"date":"2023-12-21T14:32:02","date_gmt":"2023-12-21T12:32:02","guid":{"rendered":"https:\/\/www.burgosdeporte.com\/?p=113526"},"modified":"2023-12-22T19:40:30","modified_gmt":"2023-12-22T17:40:30","slug":"punto-de-quilates","status":"publish","type":"post","link":"https:\/\/www.burgosdeporte.com\/?p=113526","title":{"rendered":"Punto de quilates"},"content":{"rendered":"\n<h2 class=\"wp-block-heading\">Comentario de opini\u00f3n de Jairo Velasco sobre la actualidad del Burgos CF.<\/h2>\n\n\n\n<p>Noche para el recuerdo, no s\u00f3lo para los que lo pudieron disfrutar desde el Stage Front Stadium (feudo que ha disfrutado de dieciocho de las \u00faltimas veinte campa\u00f1as en Primera Divisi\u00f3n), tambi\u00e9n para los que no pudimos hacer el desplazamiento. D\u00eda de agarrarte al sof\u00e1, de tensi\u00f3n muscular y de despejar cada bal\u00f3n en pantuflas. De celebrar cada gol como si estuvieras en el fondo y de desear o\u00edr el pitido final para disfrutar de lo logrado.<\/p>\n\n\n\n<p>Despu\u00e9s de leer el primer p\u00e1rrafo imagino que para alguien que no sepa del resultado final le resultar\u00eda inimaginable pensar que el partido no acabara en victoria visitante, pero hay empates que por lo psicol\u00f3gico valen mucho m\u00e1s que un punto, y el martes tuvimos el ejemplo.<\/p>\n\n\n\n<p>Hace poco m\u00e1s de un mes recibimos a la Agrupaci\u00f3n Deportiva Alcorc\u00f3n en lo que todo el mundo defin\u00eda como un \u201cmatch ball\u201d. Ven\u00edamos de jugar en Elda un partido desastroso, probablemente el peor de la temporada, y en una situaci\u00f3n clasificatoria delicada. En el descanso de aquel partido ya se contemplaban varios nombres del que ser\u00eda el seguro recambio de Bolo en el banquillo, pero desde ese momento todo cambi\u00f3.<\/p>\n\n\n\n<p>Un equipo nuevo que desde entonces no conoce la derrota. Cuatro victorias y cuatro empates, quince goles convertidos por seis recibidos y cuatro porter\u00edas a cero en esta nueva versi\u00f3n del Burgos Club de F\u00fatbol que parece mejorar en cada partido, sin temor al rival y con el objetivo de hacer bien las cosas, no pensando demasiado en posiciones ni metas, simplemente en encontrar la f\u00f3rmula con la que mejor funcionen los engranajes.<\/p>\n\n\n\n<p>El martes era un partido para dar la cara pero sin altas pretensiones. Un equipo enfrente plagado de jugadores de categor\u00eda superior, con calidad diferencial y adem\u00e1s con ganas de cerrar el a\u00f1o cerca del liderato de la liga. De este modo pod\u00edamos esperar un Burgos t\u00edmido y replegado, esperando sus oportunidades a la contra con un bloque muy bajo, pero nada m\u00e1s lejos de la realidad.<\/p>\n\n\n\n<p>Un equipo valiente y agresivo, con las ideas claras y con ganas de aguar la fiesta al hist\u00f3ricamente segundo club m\u00e1s importante de Barcelona. Los resultados a ese planteamiento se vieron pronto con el gol de Appin; Duelo ganado en mitad de la cancha finalizado con un golpeo incontestable despu\u00e9s de llegar a la frontal con dos combinaciones r\u00e1pidas, esa era la premisa. El gol local tras el fallo de la defensa no turb\u00f3 los pensamientos de un bloque preparado para luchar pese a las adversidades, y que sigui\u00f3 con el mismo esquema hasta conseguir el premio en el descuento.<\/p>\n\n\n\n<p>El gol de Grego fue un gran momento de disfrute, de premio a lo merecido, porque a veces el f\u00fatbol es justo. No hab\u00eda m\u00e1s que ver las caras de los jugadores antes de retirarse al vestuario para ver su satisfacci\u00f3n, su apetito por lograr algo grande, y si muchas veces hemos achacado al entrenador vizca\u00edno su tendencia a \u201cguardar los muebles\u201d cuando las cosas se pon\u00edan favorables en el marcador, ayer no fue as\u00ed, pese a que el escenario y el rival pod\u00edan invitar a ello.<\/p>\n\n\n\n<p>El equipo sigui\u00f3 intent\u00e1ndolo y generando. Lleg\u00f3 el segundo golpe perico, pero el equipo sigui\u00f3 en campo rival, acumulando recuperaciones y oportunidades, y de nuevo el premio. Centro de un Ander Mart\u00edn que ten\u00eda un aut\u00e9ntico papel\u00f3n volviendo a la titularidad en un partido como ese, sustituyendo a Matos y, adem\u00e1s, en una posici\u00f3n que no era la suya, y finalizaci\u00f3n de Curro, el de la magia, para volver a ponernos por delante en el marcador. El mediapunta onubense volvi\u00f3 a completar un partido magistral, mejorando cada bal\u00f3n que pasaba por sus pies; Quiz\u00e1s lo necesitaba despu\u00e9s de una racha no del todo buena. Es la piedra filosofal de este proyecto y si hay algo que no se le puede negar es la personalidad de intentarlo siempre.<\/p>\n\n\n\n<p>Y se sigui\u00f3 remando, quedaba poco pero sab\u00edamos que se har\u00eda largo. Tercero del Espanyol y ya el sof\u00e1 no ten\u00eda donde agarrar, los segundos no pasaban y los locales apretaban como nunca. El pitido lleg\u00f3 para la tranquilidad de todos con un aroma de alegr\u00eda por lo logrado y a\u00fan m\u00e1s por las formas de conseguirlo. Se puso en jaque a todo uno de los gallos de la categor\u00eda, el equipo sigue creciendo y cogiendo sensaciones positivas. Una plantilla en la que ahora todos parecen sumar, acumulando actuaciones importantes y comprometidos con la causa.<\/p>\n\n\n\n<p>En este punto probablemente lo peor sea el par\u00f3n navide\u00f1o. Por delante tenemos dos retos que ilusionan a todo el mundo: la copa y el derbi. Jugadores, cuerpo t\u00e9cnico y afici\u00f3n tendremos que coger energ\u00eda estas fiestas para afrontar lo que se nos viene encima. S\u00f3lo pido una cosa, que nadie nos lo amargue.<\/p>\n\n\n\n<p><\/p>\n\n\n\n<p><\/p>\n","protected":false},"excerpt":{"rendered":"<p>Comentario de opini\u00f3n de Jairo Velasco sobre la actualidad del Burgos CF. Noche para el recuerdo, no s\u00f3lo para los que lo pudieron disfrutar desde el Stage Front Stadium (feudo que ha disfrutado de dieciocho de las \u00faltimas veinte campa\u00f1as en Primera Divisi\u00f3n), tambi\u00e9n para los que no pudimos hacer el desplazamiento. D\u00eda de agarrarte [&hellip;]<\/p>\n","protected":false},"author":15,"featured_media":113462,"comment_status":"closed","ping_status":"closed","sticky":false,"template":"","format":"standard","meta":{"_monsterinsights_skip_tracking":false,"_monsterinsights_sitenote_active":false,"_monsterinsights_sitenote_note":"","_monsterinsights_sitenote_category":0,"footnotes":""},"categories":[4,14],"tags":[1553,29,834,13],"class_list":{"0":"post-113526","1":"post","2":"type-post","3":"status-publish","4":"format-standard","5":"has-post-thumbnail","7":"category-futbol","8":"category-opinion","9":"tag-actualidad-2","10":"tag-burgoscf","11":"tag-jairovelasco","12":"tag-opinion"},"views":62,"_links":{"self":[{"href":"https:\/\/www.burgosdeporte.com\/index.php?rest_route=\/wp\/v2\/posts\/113526","targetHints":{"allow":["GET"]}}],"collection":[{"href":"https:\/\/www.burgosdeporte.com\/index.php?rest_route=\/wp\/v2\/posts"}],"about":[{"href":"https:\/\/www.burgosdeporte.com\/index.php?rest_route=\/wp\/v2\/types\/post"}],"author":[{"embeddable":true,"href":"https:\/\/www.burgosdeporte.com\/index.php?rest_route=\/wp\/v2\/users\/15"}],"replies":[{"embeddable":true,"href":"https:\/\/www.burgosdeporte.com\/index.php?rest_route=%2Fwp%2Fv2%2Fcomments&post=113526"}],"version-history":[{"count":1,"href":"https:\/\/www.burgosdeporte.com\/index.php?rest_route=\/wp\/v2\/posts\/113526\/revisions"}],"predecessor-version":[{"id":113527,"href":"https:\/\/www.burgosdeporte.com\/index.php?rest_route=\/wp\/v2\/posts\/113526\/revisions\/113527"}],"wp:featuredmedia":[{"embeddable":true,"href":"https:\/\/www.burgosdeporte.com\/index.php?rest_route=\/wp\/v2\/media\/113462"}],"wp:attachment":[{"href":"https:\/\/www.burgosdeporte.com\/index.php?rest_route=%2Fwp%2Fv2%2Fmedia&parent=113526"}],"wp:term":[{"taxonomy":"category","embeddable":true,"href":"https:\/\/www.burgosdeporte.com\/index.php?rest_route=%2Fwp%2Fv2%2Fcategories&post=113526"},{"taxonomy":"post_tag","embeddable":true,"href":"https:\/\/www.burgosdeporte.com\/index.php?rest_route=%2Fwp%2Fv2%2Ftags&post=113526"}],"curies":[{"name":"wp","href":"https:\/\/api.w.org\/{rel}","templated":true}]}}