{"id":113320,"date":"2023-12-18T00:50:32","date_gmt":"2023-12-17T22:50:32","guid":{"rendered":"https:\/\/www.burgosdeporte.com\/?p=113320"},"modified":"2023-12-18T19:16:12","modified_gmt":"2023-12-18T17:16:12","slug":"giro-de-volante","status":"publish","type":"post","link":"https:\/\/www.burgosdeporte.com\/?p=113320","title":{"rendered":"Giro de volante"},"content":{"rendered":"\n<h2 class=\"wp-block-heading\">Comentario de opini\u00f3n de Jairo Velasco sobre la actualidad del Burgos CF<\/h2>\n\n\n\n<p>Pocos deportes son menos entendibles que el f\u00fatbol. Una disciplina con multitud de variantes, especialista en romper cualquier tipo de predicci\u00f3n y con tendencia a destrozar las opiniones de cualquier periodista que se atreva a elucubrar el futuro. <\/p>\n\n\n\n<p>No hay que mirar muy lejos para dar ejemplo a este p\u00e1rrafo de apertura, este Burgos es el bot\u00f3n que buscamos de muestra. Un equipo que hasta hace un mes fuera de casa parec\u00eda fr\u00e1gil mentalmente como un cristal, al que adem\u00e1s de los dem\u00e9ritos propios se le acumulaban los desprop\u00f3sitos para hacerle sucumbir partido tras partido, daba igual el rival, sab\u00edamos antes de empezar cual iba a ser el final.<\/p>\n\n\n\n<p>Pero esto ha cambiado. Un equipo con un gui\u00f3n mucho m\u00e1s claro fuera de El Plant\u00edo, con las miras puestas en reducir errores, acumulando esfuerzos en campo propio con el objetivo de contragolpear con efectividad. Un aroma que recuerda a lo vivido el a\u00f1o pasado, en el que los regalos al rival eran muy pocos y doblegar al equipo era ardua labor.<\/p>\n\n\n\n<p>El s\u00e1bado nos enfrent\u00e1bamos a quien nos ense\u00f1\u00f3 a competir, a quien nos hizo so\u00f1ar con sus mensajes y nos empuj\u00f3 a creer que a\u00fan siendo peque\u00f1os no deb\u00edamos temer a nadie. Un rival en una l\u00ednea muy positiva, reforzado psicol\u00f3gicamente al verse a escasos puntos de la salvaci\u00f3n cuando desde el arranque de la competici\u00f3n parec\u00eda haber comprado muchos boletos para pertenecer a la Primera Federaci\u00f3n.<\/p>\n\n\n\n<p>El conjunto de Bolo se plant\u00f3 muy serio en Cartagonova, con una medular renovada que se mostr\u00f3 superior desde el pitido inicial, sumando m\u00faltiples ayudas y buen criterio en las salidas. En esta labor destac\u00f3 Kevin Appin, futbolista al que ya le hemos visto sus talentosas capacidades pero que no termina de hacerse con un hueco en el once inicial, y que oxigen\u00f3 con sus arrancadas las salidas blanquinegras. &nbsp;<\/p>\n\n\n\n<p>Atienza tambi\u00e9n estuvo impecable en su funci\u00f3n; El madrile\u00f1o pese a haber jugado algo m\u00e1s de la mitad de los minutos de esta temporada es el tercer jugador con m\u00e1s recuperaciones del equipo y esto habla muy bien de sus aportaciones cada vez que pisa el verde. Su trabajo dio solidez a una defensa que parece que estar recuperando sensaciones de tiempos pasados, en la que fue la cuarta porter\u00eda a cero consecutiva en liga, algo nada f\u00e1cil en esta categor\u00eda.<\/p>\n\n\n\n<p>Aunque si bien todo el conjunto fue una orquesta bastante coordinada, hay que destacar a un solista que al igual que el equipo parece estar resucitando de una mala racha. No puedo estar hablando de otro que no sea Alex Bermejo. El catal\u00e1n parece haberse liberado de lo que le atenazaba y no le dejaba mostrar todo lo que nos ense\u00f1\u00f3 en aquel Burgos \u2013 M\u00e1laga que abri\u00f3 la pasada campa\u00f1a, encandilando a toda la afici\u00f3n. Cuatro goles en los \u00faltimos tres partidos, aprovechando sus dos titularidades y queriendo ser algo m\u00e1s que una alternativa desde el banquillo.<\/p>\n\n\n\n<p>Este martes a las 21:30 de la noche cerraremos un a\u00f1o 2023 en el que futbol\u00edsticamente hemos tenido de todo; El primer trimestre en el que cre\u00edmos que la machada era posible, un tramo final de desilusi\u00f3n pero con mucha tranquilidad, los cambios del verano, la monta\u00f1a rusa y finalmente el crecimiento que hemos visto en este \u00faltimo mes. A estas alturas estar a diez puntos del descenso y a dos del playoff se antojaba harto complicado, pero ahora las ilusiones han vuelto a crecer y el Stage Front Stadium dictar\u00e1 si podremos pedir otra dosis a Sus Majestades de Oriente.<\/p>\n\n\n\n<p>Para cerrar quiero dedicar un p\u00e1rrafo de opini\u00f3n a la inminente venta del club. Todo aficionado entiende que desde que votamos la conversi\u00f3n a Sociedad An\u00f3nima Deportiva, el club pas\u00f3 a ser una empresa privada en el que los de la grada pasar\u00edamos a tener una importancia simb\u00f3lica, pero cualquier dirigente que lo entienda as\u00ed &nbsp;estar\u00eda profundamente equivocado. La transparencia no es el fuerte de este grupo Yucon, que si bien no dudan en golpearse el pecho recordando que salvaron el club despu\u00e9s de haberlo vendido a cambio de nada, se olvidan del aficionado que ha estado all\u00ed apoyando deportivamente, dejando en segundo plano lo institucional.<\/p>\n\n\n\n<p>Un club sin afici\u00f3n no tendr\u00eda ning\u00fan tipo de sentido, y una vez m\u00e1s estamos siendo ninguneados.<\/p>\n\n\n\n<p><\/p>\n\n\n\n<p><\/p>\n","protected":false},"excerpt":{"rendered":"<p>Comentario de opini\u00f3n de Jairo Velasco sobre la actualidad del Burgos CF Pocos deportes son menos entendibles que el f\u00fatbol. Una disciplina con multitud de variantes, especialista en romper cualquier tipo de predicci\u00f3n y con tendencia a destrozar las opiniones de cualquier periodista que se atreva a elucubrar el futuro. No hay que mirar muy [&hellip;]<\/p>\n","protected":false},"author":15,"featured_media":112865,"comment_status":"closed","ping_status":"closed","sticky":false,"template":"","format":"standard","meta":{"_monsterinsights_skip_tracking":false,"_monsterinsights_sitenote_active":false,"_monsterinsights_sitenote_note":"","_monsterinsights_sitenote_category":0,"footnotes":""},"categories":[4,14],"tags":[1553,29,834],"class_list":{"0":"post-113320","1":"post","2":"type-post","3":"status-publish","4":"format-standard","5":"has-post-thumbnail","7":"category-futbol","8":"category-opinion","9":"tag-actualidad-2","10":"tag-burgoscf","11":"tag-jairovelasco"},"views":62,"_links":{"self":[{"href":"https:\/\/www.burgosdeporte.com\/index.php?rest_route=\/wp\/v2\/posts\/113320","targetHints":{"allow":["GET"]}}],"collection":[{"href":"https:\/\/www.burgosdeporte.com\/index.php?rest_route=\/wp\/v2\/posts"}],"about":[{"href":"https:\/\/www.burgosdeporte.com\/index.php?rest_route=\/wp\/v2\/types\/post"}],"author":[{"embeddable":true,"href":"https:\/\/www.burgosdeporte.com\/index.php?rest_route=\/wp\/v2\/users\/15"}],"replies":[{"embeddable":true,"href":"https:\/\/www.burgosdeporte.com\/index.php?rest_route=%2Fwp%2Fv2%2Fcomments&post=113320"}],"version-history":[{"count":1,"href":"https:\/\/www.burgosdeporte.com\/index.php?rest_route=\/wp\/v2\/posts\/113320\/revisions"}],"predecessor-version":[{"id":113321,"href":"https:\/\/www.burgosdeporte.com\/index.php?rest_route=\/wp\/v2\/posts\/113320\/revisions\/113321"}],"wp:featuredmedia":[{"embeddable":true,"href":"https:\/\/www.burgosdeporte.com\/index.php?rest_route=\/wp\/v2\/media\/112865"}],"wp:attachment":[{"href":"https:\/\/www.burgosdeporte.com\/index.php?rest_route=%2Fwp%2Fv2%2Fmedia&parent=113320"}],"wp:term":[{"taxonomy":"category","embeddable":true,"href":"https:\/\/www.burgosdeporte.com\/index.php?rest_route=%2Fwp%2Fv2%2Fcategories&post=113320"},{"taxonomy":"post_tag","embeddable":true,"href":"https:\/\/www.burgosdeporte.com\/index.php?rest_route=%2Fwp%2Fv2%2Ftags&post=113320"}],"curies":[{"name":"wp","href":"https:\/\/api.w.org\/{rel}","templated":true}]}}