{"id":112647,"date":"2023-12-11T16:59:54","date_gmt":"2023-12-11T14:59:54","guid":{"rendered":"https:\/\/www.burgosdeporte.com\/?p=112647"},"modified":"2023-12-11T23:01:25","modified_gmt":"2023-12-11T21:01:25","slug":"la-aficion-esperaba-algo-mas","status":"publish","type":"post","link":"https:\/\/www.burgosdeporte.com\/?p=112647","title":{"rendered":"Con ganas de m\u00e1s"},"content":{"rendered":"\n<h2 class=\"wp-block-heading\">Articulo de opini\u00f3n de Jairo Velasco sobre la actualidad del Burgos CF.<\/h2>\n\n\n\n<p>Semana de derbi, semana siempre especial. Las redes sociales inundadas de mensajes motivacionales, fotograf\u00edas de aquel gol de Mourad que har\u00e1 inolvidable para siempre el partido del a\u00f1o pasado, tertulias de radio y televisi\u00f3n centradas en lo intangible de un encuentro como este. Todo parec\u00eda predispuesto para vivir otra noche m\u00e1gica en El Plant\u00edo, porque como se ha dicho tantas veces: \u201clos derbis no se juegan, se ganan\u201d.<\/p>\n\n\n\n<p>La Hinchada y la Federaci\u00f3n sabedoras de la importancia emocional del d\u00eda prepararon sendas previas a la altura de la ocasi\u00f3n. El equipo ven\u00eda de dos victorias consecutivas fuera de casa que permit\u00edan abrir la mente de todos los aficionados a imaginar un resto de temporada sin<br>techo, porque si bien el juego del equipo es verdad que no termina de convencer, la posici\u00f3n clasificatoria es c\u00f3moda, con un playoff que se puede antojar cercano si se consiguen enlazar unos cuantos resultados positivos.<\/p>\n\n\n\n<p>El resto de afici\u00f3n sigui\u00f3 las directrices marcadas, presente ya durante calentamiento para empezar dando grados a la caldera. El \u201ctifo\u201d organizado por La Hinchada del Arlanz\u00f3n quedar\u00e1 para el recuerdo, aprovechando este foro ya no para pedir facilidades, si no la ausencia de trabas por parte del club para que no haya que esperar otros dos a\u00f1os para volver a disfrutar de algo as\u00ed. El Himno a Burgos \u201ca cappella\u201d complet\u00f3 una atm\u00f3sfera insuperable para lo que deb\u00eda ser un d\u00eda de fiesta provincial.<\/p>\n\n\n\n<p>En cuanto se escuch\u00f3 el pitido inicial el Burgos sali\u00f3 alentado por los decibelios de un estadio que luc\u00eda como nunca. Presi\u00f3n muy alta, con una l\u00ednea defensiva casi en medio campo y que ahogaba cualquier conato de contraataque del equipo rojillo. Esto le permiti\u00f3 acumular tres buenas ocasiones en segundas jugadas que hac\u00edan atisbar un partido vibrante; pero nada m\u00e1s lejos de la realidad.<\/p>\n\n\n\n<p>Esta intensidad se fue difuminando, el Mirand\u00e9s adelant\u00f3 posiciones sin generar demasiado peligro, ante un Burgos bien colocado y con contundencia en parcela defensiva, con ambos centrales mostrando el nivel al que nos ten\u00edan acostumbrados en la pasada campa\u00f1a, pero que<br>no encontr\u00f3 \u00e1rea rival con facilidad si no era por medio de los dos extremos, Sancris y Ojeda, que se mostraron bastante din\u00e1micos y verticales sobre todo en la primera mitad.<\/p>\n\n\n\n<p>As\u00ed lleg\u00f3 el descanso y lo que nos trajo no fue muy diferente. Dos equipos muy respetuosos y que ten\u00edan miedo a perder el bot\u00edn inicial, y es que las estad\u00edsticas en este f\u00fatbol est\u00e1n muy estudiadas y no suelen fallar: el Burgos gana el 90% de partidos en los que se pone por delante en el marcador, y el equipo jabato llevaba diez partidos consecutivos anotando. El que se adelantara ten\u00eda muchas papeletas de llevarse el +3 y los entrenadores prefirieron no sacar los pies por debajo de la manta.<\/p>\n\n\n\n<p>Aqu\u00ed se le puede achacar a Bolo poca valent\u00eda, y m\u00e1s sumado a ser un derbi en casa. El cambio de un desacertado Mumo por Andy daba un paso atr\u00e1s en el dominio de la fase ofensiva del partido, jug\u00e1ndose todas las cartas en una posible acci\u00f3n a bal\u00f3n parado, que estuvo a punto de concretarse en el descuento. <\/p>\n\n\n\n<p>La afici\u00f3n ech\u00f3 de menos que el equipo se echara hacia delante haciendo explotar las gradas. En eso esta parroquia es imbatible, haciendo temblar a cualquier enemigo que tengamos en frente. El componente emocional de estos d\u00edas probablemente supere a todo argumento futbol\u00edstico que se pueda proponer y nos quedamos con la sensaci\u00f3n de habernos dejado energ\u00eda en el tintero.<\/p>\n\n\n\n<p>Nuevamente el equipo se mostr\u00f3 muy dependiente tanto de Curro como de Matos, muy bien controlados por la defensa del equipo de Miranda de Ebro, con continuas ayudas en caso del onubense, y con un marcaje al hombre al lateral sevillano por parte de un Ilyas Chaira del que se sacrific\u00f3 su potencial ofensivo por una persecuci\u00f3n continua en cada incorporaci\u00f3n del blanquinegro.<\/p>\n\n\n\n<p>Quer\u00eda hacer una menci\u00f3n especial al colegiado Ais Reig, porque aunque en otras ocasiones sus actuaciones hayan sido muy criticadas, en este partido firm\u00f3 una direcci\u00f3n de partido a mi parecer pr\u00e1cticamente impecable. Marc\u00f3 un criterio equitativo para ambos equipos, dejando jugar y no cayendo en simulaciones. Son el colectivo m\u00e1s criticado en el f\u00fatbol, pero cuando tienen una buena actuaci\u00f3n son los eternos olvidados.<\/p>\n\n\n\n<p>Por \u00faltimo, una reflexi\u00f3n. Un derbi, conceptualmente, es sin\u00f3nimo de rivalidad, incluso de enemistad y de odio, pero por suerte, en el d\u00eda de ayer fue ejemplo de deportividad, porque no tiene sentido que sea de otra manera. El gesto de las pe\u00f1as del Mirand\u00e9s con la burgalesista pe\u00f1a Santa M\u00f3nica ofreciendo un merecido homenaje a Pin\u00e9 esperemos que sea un punto de inflexi\u00f3n para alcanzar la m\u00e1xima armon\u00eda posible.<\/p>\n\n\n\n<p>\u00daltimo partido en casa de un a\u00f1o 2023 extra\u00f1o, con muchas emociones pero por suerte tranquilo en lo deportivo. A\u00fan nos quedan dos visitas muy dif\u00edciles para cerrar el tel\u00f3n al a\u00f1o natural, con las perspectivas de rascar lo m\u00e1ximo posible e iniciar el a\u00f1o nuevo con bonitas perspectivas. Cartagena ya entre ceja y ceja con el reencuentro ante un gran amigo que est\u00e1 intentado resucitar a un muerto, al que intentaremos echar una palada m\u00e1s de tierra.<\/p>\n\n\n\n<p><\/p>\n\n\n\n<p><\/p>\n\n\n\n<p><\/p>\n\n\n\n<p><\/p>\n","protected":false},"excerpt":{"rendered":"<p>Articulo de opini\u00f3n de Jairo Velasco sobre la actualidad del Burgos CF. Semana de derbi, semana siempre especial. Las redes sociales inundadas de mensajes motivacionales, fotograf\u00edas de aquel gol de Mourad que har\u00e1 inolvidable para siempre el partido del a\u00f1o pasado, tertulias de radio y televisi\u00f3n centradas en lo intangible de un encuentro como este. [&hellip;]<\/p>\n","protected":false},"author":15,"featured_media":112523,"comment_status":"closed","ping_status":"closed","sticky":false,"template":"","format":"standard","meta":{"_monsterinsights_skip_tracking":false,"_monsterinsights_sitenote_active":false,"_monsterinsights_sitenote_note":"","_monsterinsights_sitenote_category":0,"footnotes":""},"categories":[4,14],"tags":[29,834,13],"class_list":{"0":"post-112647","1":"post","2":"type-post","3":"status-publish","4":"format-standard","5":"has-post-thumbnail","7":"category-futbol","8":"category-opinion","9":"tag-burgoscf","10":"tag-jairovelasco","11":"tag-opinion"},"views":57,"_links":{"self":[{"href":"https:\/\/www.burgosdeporte.com\/index.php?rest_route=\/wp\/v2\/posts\/112647","targetHints":{"allow":["GET"]}}],"collection":[{"href":"https:\/\/www.burgosdeporte.com\/index.php?rest_route=\/wp\/v2\/posts"}],"about":[{"href":"https:\/\/www.burgosdeporte.com\/index.php?rest_route=\/wp\/v2\/types\/post"}],"author":[{"embeddable":true,"href":"https:\/\/www.burgosdeporte.com\/index.php?rest_route=\/wp\/v2\/users\/15"}],"replies":[{"embeddable":true,"href":"https:\/\/www.burgosdeporte.com\/index.php?rest_route=%2Fwp%2Fv2%2Fcomments&post=112647"}],"version-history":[{"count":2,"href":"https:\/\/www.burgosdeporte.com\/index.php?rest_route=\/wp\/v2\/posts\/112647\/revisions"}],"predecessor-version":[{"id":112672,"href":"https:\/\/www.burgosdeporte.com\/index.php?rest_route=\/wp\/v2\/posts\/112647\/revisions\/112672"}],"wp:featuredmedia":[{"embeddable":true,"href":"https:\/\/www.burgosdeporte.com\/index.php?rest_route=\/wp\/v2\/media\/112523"}],"wp:attachment":[{"href":"https:\/\/www.burgosdeporte.com\/index.php?rest_route=%2Fwp%2Fv2%2Fmedia&parent=112647"}],"wp:term":[{"taxonomy":"category","embeddable":true,"href":"https:\/\/www.burgosdeporte.com\/index.php?rest_route=%2Fwp%2Fv2%2Fcategories&post=112647"},{"taxonomy":"post_tag","embeddable":true,"href":"https:\/\/www.burgosdeporte.com\/index.php?rest_route=%2Fwp%2Fv2%2Ftags&post=112647"}],"curies":[{"name":"wp","href":"https:\/\/api.w.org\/{rel}","templated":true}]}}