{"id":111384,"date":"2023-11-20T17:27:54","date_gmt":"2023-11-20T15:27:54","guid":{"rendered":"https:\/\/www.burgosdeporte.com\/?p=111384"},"modified":"2023-11-21T17:27:08","modified_gmt":"2023-11-21T15:27:08","slug":"punto-balsamico","status":"publish","type":"post","link":"https:\/\/www.burgosdeporte.com\/?p=111384","title":{"rendered":"Punto Bals\u00e1mico"},"content":{"rendered":"\n<h2 class=\"wp-block-heading\">Art\u00edculo de opini\u00f3n de Jairo Velasco sobre la actualidad del Burgos CF.<\/h2>\n\n\n\n<p>Uno de veinticuatro. Puede parecer escaso bot\u00edn para tratarse de la octava jornada que se<br>disputa fuera de casa, pero pocas veces ha sentado mejor un empate que el conseguido la<br>tarde de este domingo en A Malata. <\/p>\n\n\n\n<p>Llegaba una nueva visita a domicilio, una nueva oportunidad de acabar con esta mala racha lejos de El Plant\u00edo que nos viene persiguiendo desde que consigui\u00e9ramos arrebatar un punto en Cartagonova all\u00e1 por el mes de mayo. Alentados por la \u00e9pica remontada vivida el pasado fin de semana frente al Alcorc\u00f3n las energ\u00edas parec\u00edan renovadas con el objetivo de estrenar nuestro casillero sin el arropo y el calor del municipal. <\/p>\n\n\n\n<p>Quiz\u00e1s el escenario no fuera el mejor para dar la vuelta a la tortilla, el Racing de Ferrol como rival, en un campo que no conoce la derrota desde finales del a\u00f1o 2022. Por este motivo, el vizca\u00edno Jon Perez Bolo (al que deseo una pronta recuperaci\u00f3n desde este comentario), representado por su segundo Pablo Lago en el estadio ferrolano, dispuso la alineaci\u00f3n m\u00e1s defensiva vista hasta el momento, pr\u00e1cticamente \u201ccaleriana\u201d, blindando el bloque bajo del equipo y con perspectivas de cazar alguna a la contra con Ojeda y Sancris en ambos flancos. <\/p>\n\n\n\n<p>El objetivo era minimizar la sangr\u00eda de ocasiones en contra que nos hab\u00edan generado en cada una de las visitas realizadas hasta el momento, priorizando el bloque a la presencia en el once de nuestros, a priori, dos jugadores m\u00e1s creativos, Curro y Fer Ni\u00f1o, que esperar\u00edan su turno como revulsivos desde el blanquillo. <\/p>\n\n\n\n<p>El plan funcion\u00f3 pr\u00e1cticamente a la perfecci\u00f3n en lo que a la parcela defensiva se refiere. Partido lento y trabado, con buena gesti\u00f3n del ritmo y limitando las acciones peligrosas de sus jugadores m\u00e1s importantes, alguno de ellos revelaciones de la liga Hypermotion. <\/p>\n\n\n\n<p>El Burgos \u00fanicamente se asom\u00f3 a la porter\u00eda defendida por el ex-eibarr\u00e9s Ander Cantero en acciones a bal\u00f3n parado, pero tampoco sufri\u00f3 demasiado las virtudes ofensivas ferrolanas; Y cuando m\u00e1s c\u00f3modo parec\u00eda sentirse el conjunto blanquinegro sobre el c\u00e9sped, lleg\u00f3 el gol local. Tremendo fallo de Caro, que midiendo mal su salida en un bal\u00f3n f\u00e1cil, sirvi\u00f3 en bandeja el gol al conjunto local. <\/p>\n\n\n\n<p>El dicho dice que cuando montas un circo, te crecen los enanos, y de esta manera, el que casi nunca falla, fall\u00f3. Mazazo psicol\u00f3gico para un equipo que hasta el momento no hab\u00eda hecho mal partido, pero que parec\u00eda echar una piedra m\u00e1s a una tumba mental de la que parec\u00eda que iba a ser muy dif\u00edcil salir. <\/p>\n\n\n\n<p>A partir de ah\u00ed carrusel de cambios buscando acercarse m\u00e1s a la l\u00ednea de tres cuartos local, pero las imprecisiones se suced\u00edan, m\u00e1s alimentados por las ganas de acabar con la maldici\u00f3n que por la pausa necesaria para buscar las mejores opciones. <\/p>\n\n\n\n<p>El partido ya encaraba la parte final del tiempo a\u00f1adido, y cuando ya todos los titulares de la prensa apuntaban a una nueva debacle, un bal\u00f3n filtrado entre l\u00edneas, es prolongado por Curro con un sutil toque magistral que deja s\u00f3lo a Fer Ni\u00f1o y este se encarga de dar trabajo extra en las redacciones.  <\/p>\n\n\n\n<p>Esto es lo que tienen los grandes jugadores, dos toques son suficientes para tirar abajo a una de las mejores defensas del campeonato. Puede que el media punta onubense haya bajado sus prestaciones respecto al brillante comienzo de campa\u00f1a que tuvo y que deslumbr\u00f3 a toda la Segunda Divisi\u00f3n, pero sus botas son diferenciales, y cuando encuentra aliado a uno de los mejores delanteros de la categor\u00eda, el \u00e9xito est\u00e1 garantizado. <\/p>\n\n\n\n<p>La celebraci\u00f3n del gol fue muestra evidente de toda la tensi\u00f3n que ha pasado este vestuario en las \u00faltimas fechas. A los aficionados nos duele ver perder a nuestro equipo, pero estos jugadores han demostrado ser profesionales y estar implicados como los que m\u00e1s con esta camiseta. No es cuesti\u00f3n de desidia, ni de kil\u00f3metros recorridos, ni de \u201cno meter la pierna\u201d, como se dir\u00eda en el argot futbolero, a veces las situaciones superan a nivel mental, porque parece que todo sale del rev\u00e9s y por m\u00e1s esfuerzo que hagas no consigues dar la vuelta a la situaci\u00f3n. <\/p>\n\n\n\n<p>No nos podemos despistar, las victorias de Huesca y Amorebieta de esta jornada obligan a<br>sumar tres puntos en el partido del s\u00e1bado contra el Andorra para dar valor al punto logrado este domingo. Todos tenemos la esperanza de que este haya sido el punto de inflexi\u00f3n y que se hayan disipado todos los complejos que pudi\u00e9ramos tener fuera de nuestro feudo; Tiempo y jornadas hay de sobra para poder mirar m\u00e1s arriba que abajo, y en esto tenemos que remar todos juntos.<\/p>\n","protected":false},"excerpt":{"rendered":"<p>Art\u00edculo de opini\u00f3n de Jairo Velasco sobre la actualidad del Burgos CF. Uno de veinticuatro. Puede parecer escaso bot\u00edn para tratarse de la octava jornada que sedisputa fuera de casa, pero pocas veces ha sentado mejor un empate que el conseguido latarde de este domingo en A Malata. Llegaba una nueva visita a domicilio, una [&hellip;]<\/p>\n","protected":false},"author":15,"featured_media":111310,"comment_status":"closed","ping_status":"closed","sticky":false,"template":"","format":"standard","meta":{"_monsterinsights_skip_tracking":false,"_monsterinsights_sitenote_active":false,"_monsterinsights_sitenote_note":"","_monsterinsights_sitenote_category":0,"footnotes":""},"categories":[14],"tags":[29,90,1552,834,13],"class_list":{"0":"post-111384","1":"post","2":"type-post","3":"status-publish","4":"format-standard","5":"has-post-thumbnail","7":"category-opinion","8":"tag-burgoscf","9":"tag-burgosdeporte","10":"tag-destacadas","11":"tag-jairovelasco","12":"tag-opinion"},"views":63,"_links":{"self":[{"href":"https:\/\/www.burgosdeporte.com\/index.php?rest_route=\/wp\/v2\/posts\/111384","targetHints":{"allow":["GET"]}}],"collection":[{"href":"https:\/\/www.burgosdeporte.com\/index.php?rest_route=\/wp\/v2\/posts"}],"about":[{"href":"https:\/\/www.burgosdeporte.com\/index.php?rest_route=\/wp\/v2\/types\/post"}],"author":[{"embeddable":true,"href":"https:\/\/www.burgosdeporte.com\/index.php?rest_route=\/wp\/v2\/users\/15"}],"replies":[{"embeddable":true,"href":"https:\/\/www.burgosdeporte.com\/index.php?rest_route=%2Fwp%2Fv2%2Fcomments&post=111384"}],"version-history":[{"count":2,"href":"https:\/\/www.burgosdeporte.com\/index.php?rest_route=\/wp\/v2\/posts\/111384\/revisions"}],"predecessor-version":[{"id":111389,"href":"https:\/\/www.burgosdeporte.com\/index.php?rest_route=\/wp\/v2\/posts\/111384\/revisions\/111389"}],"wp:featuredmedia":[{"embeddable":true,"href":"https:\/\/www.burgosdeporte.com\/index.php?rest_route=\/wp\/v2\/media\/111310"}],"wp:attachment":[{"href":"https:\/\/www.burgosdeporte.com\/index.php?rest_route=%2Fwp%2Fv2%2Fmedia&parent=111384"}],"wp:term":[{"taxonomy":"category","embeddable":true,"href":"https:\/\/www.burgosdeporte.com\/index.php?rest_route=%2Fwp%2Fv2%2Fcategories&post=111384"},{"taxonomy":"post_tag","embeddable":true,"href":"https:\/\/www.burgosdeporte.com\/index.php?rest_route=%2Fwp%2Fv2%2Ftags&post=111384"}],"curies":[{"name":"wp","href":"https:\/\/api.w.org\/{rel}","templated":true}]}}