{"id":110319,"date":"2023-11-01T13:33:29","date_gmt":"2023-11-01T11:33:29","guid":{"rendered":"https:\/\/www.burgosdeporte.com\/?p=110319"},"modified":"2023-11-01T13:40:08","modified_gmt":"2023-11-01T11:40:08","slug":"la-fe-de-uno-el-punto-de-todos","status":"publish","type":"post","link":"https:\/\/www.burgosdeporte.com\/?p=110319","title":{"rendered":"La fe de uno, el punto de todos"},"content":{"rendered":"\n<h2 class=\"wp-block-heading\">Art\u00edculo de opini\u00f3n sobre la actualidad del Burgos CF escrito por Jairo Velasco.  <\/h2>\n\n\n\n<p>En este f\u00fatbol moderno, en el que todo se estudia y ha de estar bajo control, la creatividad y el desequilibrio se est\u00e1n perdiendo. Los \u00e9xitos se suman por aciertos defensivos y eficacia en el ataque, dando cada vez m\u00e1s importancia a los balones parados, d\u00f3nde todo lo trabajado queda un poco en el limbo. Las diferencias cada vez son m\u00e1s peque\u00f1as, y no hay que mirar m\u00e1s all\u00e1 de esta Segunda Divisi\u00f3n, donde da igual la posici\u00f3n en la que se encuentre el equipo al que te enfrentes porque sabes que no va a ser f\u00e1cil doblegarle.<\/p>\n\n\n\n<p>En este punto emerge la figura de los l\u00edderes, esos jugadores capaces de echarse al equipo a la espalda, sobre todo cuando las cosas no van bien, contagiando con su car\u00e1cter y energ\u00eda al resto, tanto en el campo como en la grada. Hace tiempo ya habl\u00e9 de Curro, ese jugador diferencial que mejora todo lo que toca, y que cuando se deja ver, todos bailan a su son.  <\/p>\n\n\n\n<p>Quiz\u00e1s no est\u00e9n siendo sus mejores jornadas, los rivales ya saben que es la piedra angular y acumulan esfuerzos en tapar sus v\u00edas de f\u00fatbol. Pero por suerte no est\u00e1 solo en el esfuerzo de conseguir lo mejor para el Burgos. Hay un chico por banda izquierda, nacido en Utrera y con el veintitr\u00e9s a la espalda, que es capaz de revolucionar a todo un estadio con su pundonor y personalidad. Como no, hablo de Jos\u00e9 Matos. Ayer fue el mejor, agit\u00f3 a un equipo que estaba muerto, sin empuje ni car\u00e1cter suficiente como para dar la vuelta al marcador; Gener\u00f3 mil ocasiones por su banda, pele\u00f3 todos los balones y tuvo la fe suficiente como para redondear su noche con el gol del empate en el descuento.<\/p>\n\n\n\n<p>El chaval las ha recibido de todos los colores en lo que va de temporada, parece que se ha convertido en el villano de la pel\u00edcula desde aquella desafortunada acci\u00f3n en el partido de preparaci\u00f3n contra el Alav\u00e9s; Ha sido se\u00f1alado por la prensa, insultado en redes sociales y pitado en algunos estadios, pero \u00e9l a lo suyo. Ya es el segundo m\u00e1ximo goleador del equipo, segundo m\u00e1ximo asistente y el m\u00e1ximo recuperador de balones, pieza irremplazable del carril zurdo. <\/p>\n\n\n\n<p>Aqu\u00ed tambi\u00e9n quiero mencionar a Andy, asistente en la noche de ayer y profesional como pocos les hay en el mundo del f\u00fatbol. Quiz\u00e1s no sea el m\u00e1s r\u00e1pido, ni tenga el mejor ritmo de la categor\u00eda, ni sea el que m\u00e1s aporte al equipo, pero pelea como un tit\u00e1n cada segundo que tiene oportunidad de pisar el verde. Ha sido un a\u00f1o muy dif\u00edcil para \u00e9l desde aquella tarde en Albacete, no est\u00e1 contando con muchos minutos, pero luchar por este escudo durante veinte minutos con el ligamento de la rodilla roto ya le merece un respeto que no se lo podr\u00e1 quitar nadie.  <\/p>\n\n\n\n<p>En lo puramente futbol\u00edstico de la noche del lunes, vimos el peor Burgos de lo que va de temporada en casa. Un equipo carente de ideas y que se le apagan las luces cuando pisa l\u00ednea de tres cuartos. Bolo dispuso una medular in\u00e9dita hasta el momento, dando entrada a Appin y Mumo como acompa\u00f1antes de Atienza, volcando a Curro a banda derecha, donde qued\u00f3 visible que no se encuentra nada c\u00f3modo. <\/p>\n\n\n\n<p>El plan no le funci\u00f3n al entrenador vasco, y prueba de esto son las m\u00faltiples variaciones de jugadores que hizo en el centro del campo, por el que pasaron hasta siete efectivos en esas tres posiciones. El mediocentro de Martinica fue de lo m\u00e1s potable en la primera parte, intentando romper l\u00edneas con sus cambios de ritmo, pero esa posici\u00f3n de media punta no le daba mucha oportunidad para ello, y cada vez que buscaba \u00e1rea con sus balones desde l\u00ednea de fondo, jam\u00e1s encontr\u00f3 a un Edu Espiau desubicado y muy controlado por la zaga de los de Fran Escrib\u00e1.  <\/p>\n\n\n\n<p>Las bandas volvieron a no ser diferenciales, sumando bastantes m\u00e1s errores que aciertos e infinidad de balones perdidos. Este est\u00e1 siendo uno de los grandes problemas de esta campa\u00f1a, si bien, los extremos parec\u00edan muy bien cubiertos con la planificaci\u00f3n de la plantilla y los laterales mostraban sus carencias, est\u00e1 resultando al rev\u00e9s. La defensa sufre muy poco cuando Ra\u00fal Navarro y Jos\u00e9 Matos ocupan las bandas, pero ni Ojeda, ni Bermejo, ni Ander, ni Sancris aportan cosas positivas con regularidad al ataque burgalesista.&nbsp; <\/p>\n\n\n\n<p>Si bien no me gusta hablar de arbitrajes, lo de ayer de Milla Alvendiz merece menci\u00f3n aparte. Un \u00e1rbitro sin criterio definido, desactualizado con normas del pasado (el bote neutral desapareci\u00f3 del reglamento ya hace unos a\u00f1os) y que fue capaz de desesperar a ambos equipos. El nivel arbitral en esta categor\u00eda no es especialmente bueno, pero hay alg\u00fan \u00e1rbitro recurrente en sus errores, mostrando adem\u00e1s una soberbia e irreverencia que no tiene nada que ver con el comportamiento deportivo que tanto promueve la liga.<\/p>\n\n\n\n<p>En resumen, no creo que hubiera nadie en El Plant\u00edo (m\u00e1s all\u00e1 de los doscientos zaragocistas desplazados) al que le disgustara el punto despu\u00e9s de haber visto el encuentro. No va a haber mucho tiempo para pensar en el mal juego de los \u00faltimos partidos, el jueves jugamos la primera ronda del torneo del K.O. contra el m\u00edtico H\u00e9rcules de Alicante, competici\u00f3n que sinceramente no despierta demasiada ilusi\u00f3n en un a\u00f1o con tanta incertidumbre, pero que seguro que servir\u00e1 para dar minutos a jugadores que no est\u00e9n entrando tanto en la din\u00e1mica e intentar que se sumen a la causa.<\/p>\n","protected":false},"excerpt":{"rendered":"<p>Art\u00edculo de opini\u00f3n sobre la actualidad del Burgos CF escrito por Jairo Velasco. En este f\u00fatbol moderno, en el que todo se estudia y ha de estar bajo control, la creatividad y el desequilibrio se est\u00e1n perdiendo. Los \u00e9xitos se suman por aciertos defensivos y eficacia en el ataque, dando cada vez m\u00e1s importancia a [&hellip;]<\/p>\n","protected":false},"author":15,"featured_media":110321,"comment_status":"closed","ping_status":"closed","sticky":false,"template":"","format":"standard","meta":{"_monsterinsights_skip_tracking":false,"_monsterinsights_sitenote_active":false,"_monsterinsights_sitenote_note":"","_monsterinsights_sitenote_category":0,"footnotes":""},"categories":[4,14],"tags":[29,1552,834,13],"class_list":{"0":"post-110319","1":"post","2":"type-post","3":"status-publish","4":"format-standard","5":"has-post-thumbnail","7":"category-futbol","8":"category-opinion","9":"tag-burgoscf","10":"tag-destacadas","11":"tag-jairovelasco","12":"tag-opinion"},"views":69,"_links":{"self":[{"href":"https:\/\/www.burgosdeporte.com\/index.php?rest_route=\/wp\/v2\/posts\/110319","targetHints":{"allow":["GET"]}}],"collection":[{"href":"https:\/\/www.burgosdeporte.com\/index.php?rest_route=\/wp\/v2\/posts"}],"about":[{"href":"https:\/\/www.burgosdeporte.com\/index.php?rest_route=\/wp\/v2\/types\/post"}],"author":[{"embeddable":true,"href":"https:\/\/www.burgosdeporte.com\/index.php?rest_route=\/wp\/v2\/users\/15"}],"replies":[{"embeddable":true,"href":"https:\/\/www.burgosdeporte.com\/index.php?rest_route=%2Fwp%2Fv2%2Fcomments&post=110319"}],"version-history":[{"count":2,"href":"https:\/\/www.burgosdeporte.com\/index.php?rest_route=\/wp\/v2\/posts\/110319\/revisions"}],"predecessor-version":[{"id":110324,"href":"https:\/\/www.burgosdeporte.com\/index.php?rest_route=\/wp\/v2\/posts\/110319\/revisions\/110324"}],"wp:featuredmedia":[{"embeddable":true,"href":"https:\/\/www.burgosdeporte.com\/index.php?rest_route=\/wp\/v2\/media\/110321"}],"wp:attachment":[{"href":"https:\/\/www.burgosdeporte.com\/index.php?rest_route=%2Fwp%2Fv2%2Fmedia&parent=110319"}],"wp:term":[{"taxonomy":"category","embeddable":true,"href":"https:\/\/www.burgosdeporte.com\/index.php?rest_route=%2Fwp%2Fv2%2Fcategories&post=110319"},{"taxonomy":"post_tag","embeddable":true,"href":"https:\/\/www.burgosdeporte.com\/index.php?rest_route=%2Fwp%2Fv2%2Ftags&post=110319"}],"curies":[{"name":"wp","href":"https:\/\/api.w.org\/{rel}","templated":true}]}}