{"id":109191,"date":"2023-10-16T21:29:57","date_gmt":"2023-10-16T19:29:57","guid":{"rendered":"https:\/\/www.burgosdeporte.com\/?p=109191"},"modified":"2023-10-17T01:34:43","modified_gmt":"2023-10-16T23:34:43","slug":"el-fortin-de-el-plantio","status":"publish","type":"post","link":"https:\/\/www.burgosdeporte.com\/?p=109191","title":{"rendered":"El fort\u00edn de El Plant\u00edo"},"content":{"rendered":"\n<h2 class=\"wp-block-heading\">Art\u00edculo de opini\u00f3n de Jairo Velasco sobre la actualidad del Burgos CF <\/h2>\n\n\n\n<p>La Real Academia de la Lengua Espa\u00f1ola define fort\u00edn como aquel lugar resguardado con obras de defensa que lo hacen capaz de resistir ataques enemigos. El nuestro no tiene almenas, ni torres, ni muralla, al menos de manera f\u00edsica, pero su funci\u00f3n es exactamente la misma, repeler los ataques contrarios y derrotar a quien se atreva a acercarse.&nbsp; &nbsp;<\/p>\n\n\n\n<p>Nuestro feudo adem\u00e1s tiene un aroma especial, un aroma que conquista y que sorprende a todo el que pasa por aqu\u00ed. Este domingo le ha tocado entregar las armas al Villarreal \u201cB\u201d, y su director Miguel \u00c1lvarez (el cual cumple su trig\u00e9simo tercer a\u00f1o como entrenador tras su debut en 1991, y que de f\u00fatbol algo sabe) no se ha ido sin destacar este ambiente, que pocas veces ha respirado durante su ya dilatada carrera.&nbsp;<\/p>\n\n\n\n<p>Este entorno no deja escapar puntos, y es que no solo pelean los once guerreros que se ponen la casaca blanquinegra durante la batalla, si no que hay casi diez mil soldados rasos que utilizan sus gargantas para ir mermando al oponente hasta que toca el suelo con los tres pitidos finales. Quiz\u00e1s sea ese esp\u00edritu cidiano que se nos mete en las venas desde peque\u00f1os, que no deja rendirse por m\u00e1s dificultades que se planteen y que nos hace levantarnos cuando caemos.<\/p>\n\n\n\n<p>El espadazo recibido en Tenerife fue, para que negarlo, bastante duro. A priori, se antoja complicado perder un partido en el que tantos astros se alinean a tu favor, lo cual no nos suele&nbsp; ocurrir muchas veces. Pero toda esa tensi\u00f3n y derrotismo que se cierne cada vez que jugamos a domicilio, \u00fd que parece cosa de un conjuro, desaparece en cuanto pisamos el verde de El Plant\u00edo, aqu\u00ed somos inexpugnables.<\/p>\n\n\n\n<p>El equipo de nuevo sali\u00f3 valiente y con ganas de olvidar lo ocurrido en el archipi\u00e9lago, planteando un partido que quiz\u00e1s le conven\u00eda m\u00e1s al mini submarino, pero mejor arropado atr\u00e1s con la estabilidad defensiva que da un doble pivote como el formado por Atienza y Elguezabal. &nbsp;<\/p>\n\n\n\n<p>En la primera parte se acumularon muchos acercamientos, jugando de memoria con ambas bandas y con mucha participaci\u00f3n de los laterales en l\u00ednea de tres cuartos. Aqu\u00ed tengo que poner el foco especialmente en la labor de Ra\u00fal Navarro, el que siempre destaca por no destacar, valga la redundancia. El sevillano, que siempre parece estar \u201cde parche\u201d, siempre lo hace bien, y ya est\u00e1 pasando de ser un seis en todos los partidos, a acercarse al notable alto. Por el otro flanco Matos, uno de los que se est\u00e1 echando el equipo a la espalda pese a todo lo que le ha rodeado; socio de total confianza de Curro y que adem\u00e1s encendi\u00f3 el estadio con el formidable golpeo que abrir\u00eda el marcador.&nbsp; &nbsp;<\/p>\n\n\n\n<p>Bolo nos est\u00e1 acostumbrando a ver algo nuevo a bal\u00f3n parado cada semana, trabajo de pizarra, m\u00e1s propio del f\u00fatbol sala, pero que ya nos ha dado varias alegr\u00edas en este inicio de campa\u00f1a. Un tercio del total de goles anotados en segunda divisi\u00f3n llegan en este tipo de acciones y el vizca\u00edno lo sabe.&nbsp;<\/p>\n\n\n\n<p>Tambi\u00e9n sum\u00f3 el segundo tanto en su casillero Bermejo, que aunque estuvo muy participativo, no logra completar un partido redondo y al que todos los aficionados esperamos verle con una continuidad que a\u00fan solo hemos visto con pinceladas. Dani Ojeda fue su hom\u00f3logo por banda contraria y su situaci\u00f3n en muy parecida; uno de los jugadores con m\u00e1s cartel de la categor\u00eda pero que a\u00fan no logra despegar. Se le notan ganas y energ\u00eda a raudales, pero la precisi\u00f3n no le est\u00e1 acompa\u00f1ando.<\/p>\n\n\n\n<p>Redonde\u00f3 la tarde de golazos la vuelta de Grego con su latigazo a la escuadra. Importante que caiga de pie y recupere pronto su nivel de los \u00faltimos partidos anteriores a la lesi\u00f3n, y es que si algo ha vuelto a dejar dudas es el perfil izquierdo de nuestros centrales. Saveljich muestra poca contundencia en algunos momentos y a punto ha estado de volverse a repetir la misma jugada en la que se le se\u00f1al\u00f3 en el partido del Heliodoro.<\/p>\n\n\n\n<p>La cl\u00e1sica visita a El Sardinero de este pr\u00f3ximo fin de semana requerir\u00e1 mucha m\u00e1s concentraci\u00f3n defensiva de la vista en los minutos finales. Uno de los mejores locales de la competici\u00f3n, que a\u00fan no sabe lo que es perder en casa, pero estadio que ya conseguimos asaltar hace m\u00e1s o menos un a\u00f1o con aquel golazo de Curro, del que a\u00fan conservamos el regusto.<\/p>\n\n\n\n<p>Muchas ganas de conseguir los primeros tres como visitantes all\u00ed. Entradas agotadas en uno de los desplazamientos m\u00e1s bonitos del a\u00f1o, que disfrutaremos como siempre y en el que&nbsp; nuestras miradas ya est\u00e1n puestas.<\/p>\n\n\n\n<p>\u00a1El asedio de El Sardinero ha comenzado!<\/p>\n","protected":false},"excerpt":{"rendered":"<p>Art\u00edculo de opini\u00f3n de Jairo Velasco sobre la actualidad del Burgos CF La Real Academia de la Lengua Espa\u00f1ola define fort\u00edn como aquel lugar resguardado con obras de defensa que lo hacen capaz de resistir ataques enemigos. El nuestro no tiene almenas, ni torres, ni muralla, al menos de manera f\u00edsica, pero su funci\u00f3n es [&hellip;]<\/p>\n","protected":false},"author":15,"featured_media":109075,"comment_status":"closed","ping_status":"closed","sticky":false,"template":"","format":"standard","meta":{"_monsterinsights_skip_tracking":false,"_monsterinsights_sitenote_active":false,"_monsterinsights_sitenote_note":"","_monsterinsights_sitenote_category":0,"footnotes":""},"categories":[4,14],"tags":[29,1552,39,834,13],"class_list":{"0":"post-109191","1":"post","2":"type-post","3":"status-publish","4":"format-standard","5":"has-post-thumbnail","7":"category-futbol","8":"category-opinion","9":"tag-burgoscf","10":"tag-destacadas","11":"tag-elplantio","12":"tag-jairovelasco","13":"tag-opinion"},"views":64,"_links":{"self":[{"href":"https:\/\/www.burgosdeporte.com\/index.php?rest_route=\/wp\/v2\/posts\/109191","targetHints":{"allow":["GET"]}}],"collection":[{"href":"https:\/\/www.burgosdeporte.com\/index.php?rest_route=\/wp\/v2\/posts"}],"about":[{"href":"https:\/\/www.burgosdeporte.com\/index.php?rest_route=\/wp\/v2\/types\/post"}],"author":[{"embeddable":true,"href":"https:\/\/www.burgosdeporte.com\/index.php?rest_route=\/wp\/v2\/users\/15"}],"replies":[{"embeddable":true,"href":"https:\/\/www.burgosdeporte.com\/index.php?rest_route=%2Fwp%2Fv2%2Fcomments&post=109191"}],"version-history":[{"count":1,"href":"https:\/\/www.burgosdeporte.com\/index.php?rest_route=\/wp\/v2\/posts\/109191\/revisions"}],"predecessor-version":[{"id":109192,"href":"https:\/\/www.burgosdeporte.com\/index.php?rest_route=\/wp\/v2\/posts\/109191\/revisions\/109192"}],"wp:featuredmedia":[{"embeddable":true,"href":"https:\/\/www.burgosdeporte.com\/index.php?rest_route=\/wp\/v2\/media\/109075"}],"wp:attachment":[{"href":"https:\/\/www.burgosdeporte.com\/index.php?rest_route=%2Fwp%2Fv2%2Fmedia&parent=109191"}],"wp:term":[{"taxonomy":"category","embeddable":true,"href":"https:\/\/www.burgosdeporte.com\/index.php?rest_route=%2Fwp%2Fv2%2Fcategories&post=109191"},{"taxonomy":"post_tag","embeddable":true,"href":"https:\/\/www.burgosdeporte.com\/index.php?rest_route=%2Fwp%2Fv2%2Ftags&post=109191"}],"curies":[{"name":"wp","href":"https:\/\/api.w.org\/{rel}","templated":true}]}}