{"id":106582,"date":"2023-08-22T11:26:21","date_gmt":"2023-08-22T09:26:21","guid":{"rendered":"https:\/\/www.burgosdeporte.com\/?p=106582"},"modified":"2023-08-22T11:26:21","modified_gmt":"2023-08-22T09:26:21","slug":"en-busca-del-equilibrio","status":"publish","type":"post","link":"https:\/\/www.burgosdeporte.com\/?p=106582","title":{"rendered":"En busca del equilibrio"},"content":{"rendered":"\n<h2 class=\"wp-block-heading\">Comentario de opini\u00f3n de nuestro colaborador, Jairo Velasco, que narra el viaje a Valencia para animar al Burgos CF y las sensaciones vividas por los aficionados que all\u00ed estuvieron.<\/h2>\n\n\n\n<p> Salimos el viernes hacia Valencia a\u00fan paladeando las positivas sensaciones que nos dej\u00f3 el equipo en su debut contra la S.D. Huesca; m\u00e1s de cinco horas por delante para comentar e intercambiar opiniones sobre como imagin\u00e1bamos al equipo esta temporada, sobre las posibilidades que nos ofrec\u00edan los nuevos fichajes y sobre las necesidades que a\u00fan ve\u00edamos en el mercado de fichajes.<\/p>\n\n\n\n<p>En el coche todos coincid\u00edamos en lo mismo, la plantilla hab\u00eda dado un salto de calidad brutal, sobre todo en el fondo de banquillo. Este a\u00f1o cuando Bolo se girara para buscar soluciones, si el partido se complicaba, iba a encontrarlas, y adem\u00e1s con posibilidad de utilizar diferentes dibujos y alternativas t\u00e1cticas que har\u00edan de nosotros un equipo mucho menos predecible, lo cual probablemente fue una de nuestras principales carencias en la segunda vuelta de la temporada pasada.<\/p>\n\n\n\n<p>A\u00fan as\u00ed a\u00fan ve\u00edamos lagunas en las bandas. El lateral derecho dejaba muchas dudas estando cubierto por Borja Gonz\u00e1lez, que apenas fue utilizado por Calero, sobre todo tras un par de errores del madrile\u00f1o, y Ra\u00fal Navarro, un jugador al que ya hemos visto en muchas posiciones, pero que quiz\u00e1s adolezca de la naturalidad que precisa la posici\u00f3n de lateral. Y el lateral izquierdo \u00fanicamente ocupado por Jos\u00e9 Matos, ya que la soluci\u00f3n de Ander Mart\u00edn probada en la pretemporada no convenci\u00f3. Tambi\u00e9n se habl\u00f3 de la importancia de la m\u00e1s que probable salida de Goldar, que dejaba sensiblemente coja la defensa, de la posible llegada de un mediocentro con algo m\u00e1s de \u201cpie\u201d y hasta de otro delantero con unas caracter\u00edsticas un poco diferentes de las ya vistas en Fer Ni\u00f1o y Edu Espiau.<\/p>\n\n\n\n<p>La ciudad del Turia nos recibi\u00f3 con calor, mucho calor, y tambi\u00e9n mucha humedad, algo muy poco usual para nosotros como burgaleses y que nos hizo sufrir durante todo el fin de semana. Unos trescientos blanquinegros que recorrieron los casi seiscientos kil\u00f3metros entre ambas ciudades para no dejar al equipo solo. Pero de igual manera, ese mismo calor nos lo mostr\u00f3 la afici\u00f3n granota, recibi\u00e9ndonos con mucho cari\u00f1o y valorando el crecimiento del equipo y la manera de animar de nuestra hinchada.<\/p>\n\n\n\n<p>Ambas aficiones, que nos unimos en una bonita previa en los bares cercanos al estadio, coincid\u00edamos en que iba a ser un partido mucho m\u00e1s igualado de lo que pod\u00edan mostrar el hist\u00f3rico. El Levante ven\u00eda de muchas dificultades en la pretemporada, incluso con dudas sobre su participaci\u00f3n en la competici\u00f3n, y desprendi\u00e9ndose de sus principales estrellas para poder sanear su deuda. Por nuestra parte, el equipo hab\u00eda mostrado una gran evoluci\u00f3n desde aquel partido en Villarcayo contra el Racing de Santander, con las ideas mucho m\u00e1s claras en los \u00faltimos partidos, llegando incluso a derrotar a todo un primera como el Alav\u00e9s y dar la cara contra un Osasuna de Conference League; pero sab\u00edamos que tendr\u00edamos que cuajar un partido casi perfecto para conseguir los tres puntos.<\/p>\n\n\n\n<figure class=\"wp-block-image size-full\"><img decoding=\"async\" src=\"https:\/\/www.burgosdeporte.com\/wp-content\/uploads\/2023\/08\/IMG-20230821-WA0013.jpg\" alt=\"\" class=\"wp-image-106578\"\/><figcaption class=\"wp-element-caption\">Aficionados burgaleses en las gradas del estadio Ciudad de Valencia para vivir el Levante-Burgos.<\/figcaption><\/figure>\n\n\n\n<p>El partido ya todos lo vimos y podemos resumirlo en que poco queda del Burgos C.F. de la temporada pasada y pocas maneras mejores hay para definirlo que con lo ocurrido el s\u00e1bado en el Ciudad de Valencia.<\/p>\n\n\n\n<p>Si el a\u00f1o pasado exig\u00edamos un f\u00fatbol m\u00e1s ofensivo, con el que no se apelara domingo tras domingo al cerocerismo, lo tuvimos; partido atractivo, sobre todo para el espectador neutral, en el que se buscaron las \u00e1reas continuamente, mirando m\u00e1s al frente que a la espalda. Pero si sac\u00e1bamos pecho de las pocas ocasiones que nos generaban los rivales, ya fueran grandes o peque\u00f1os, \u00e9sta fue la asignatura pendiente en los m\u00e1s de cien minutos que se disputaron en el partido en Valencia.<\/p>\n\n\n\n<p>No estamos habituados a conceder, y menos por errores propios o por falta de contundencia y as\u00ed sucedi\u00f3 en multitud de ocasiones durante el partido. Si en la pasada temporada parec\u00edamos los m\u00e1s listos de la clase, siempre anticip\u00e1ndonos a las situaciones y resolviendo sin especular, el s\u00e1bado parecimos un equipo con muchas dudas atr\u00e1s, cometiendo fallos infantiles, que no se siente c\u00f3modo defendiendo tan arriba, que le cuesta recular, y que cuando lo hace no est\u00e1 bien colocado para evadir el peligro. No es algo nuevo de este a\u00f1o, ya Racing y Amorebieta nos hicieron demasiado da\u00f1o en esas transiciones en los&nbsp; partidos de pretemporada, pareciendo que esa herida se hab\u00eda conseguido reducir en los seg\u00fan avanzaba la preparaci\u00f3n, pero que el s\u00e1bado volvi\u00f3 a sangrar, y en abundancia.<\/p>\n\n\n\n<p>A\u00fan as\u00ed gust\u00f3 la reacci\u00f3n del equipo pese a los tres mazazos, y de la forma en la que llegaron; el Burgos no le perdi\u00f3 la cara al encuentro en ning\u00fan momento. Fuimos un equipo valiente, que trat\u00f3 de generar con paciencia y sin abusar de salidas largas, buscando las bandas y tratando el bal\u00f3n con criterio en el medio campo, en especial a los mandos de Mumo y, sobre todo, de Curro, que mejora casi todos los balones que toca. De este modo se consigui\u00f3 arrinconar a todo un Levante en los \u00faltimos veinte minutos de partido, aunque ya m\u00e1s con fe que con f\u00fatbol, se tuvieron oportunidades para igualar la contienda.<\/p>\n\n\n\n<p>Al finalizar el partido, en las postrimer\u00edas del estadio, el parecer de los aficionados era similar: el Burgos gusta de medio campo para delante, un equipo creativo y con calidad, que genera y finaliza y que plant\u00f3 cara a uno de los gallos de la categor\u00eda, pero que atr\u00e1s defiende en el filo de un cuchillo, mostrando tambi\u00e9n menos contundencia de la que era referente en esta Segunda Divisi\u00f3n. De la correcci\u00f3n de esto depender\u00e1 la temporada del equipo, ahora le toca a Bolo buscar el equilibrio.<\/p>\n\n\n\n<p><\/p>\n","protected":false},"excerpt":{"rendered":"<p>Comentario de opini\u00f3n de nuestro colaborador, Jairo Velasco, que narra el viaje a Valencia para animar al Burgos CF y las sensaciones vividas por los aficionados que all\u00ed estuvieron. Salimos el viernes hacia Valencia a\u00fan paladeando las positivas sensaciones que nos dej\u00f3 el equipo en su debut contra la S.D. Huesca; m\u00e1s de cinco horas [&hellip;]<\/p>\n","protected":false},"author":15,"featured_media":106577,"comment_status":"closed","ping_status":"closed","sticky":false,"template":"","format":"standard","meta":{"_monsterinsights_skip_tracking":false,"_monsterinsights_sitenote_active":false,"_monsterinsights_sitenote_note":"","_monsterinsights_sitenote_category":0,"footnotes":""},"categories":[4,14,8],"tags":[29,834,13],"class_list":{"0":"post-106582","1":"post","2":"type-post","3":"status-publish","4":"format-standard","5":"has-post-thumbnail","7":"category-futbol","8":"category-opinion","9":"category-tipo-noticia","10":"tag-burgoscf","11":"tag-jairovelasco","12":"tag-opinion"},"views":66,"_links":{"self":[{"href":"https:\/\/www.burgosdeporte.com\/index.php?rest_route=\/wp\/v2\/posts\/106582","targetHints":{"allow":["GET"]}}],"collection":[{"href":"https:\/\/www.burgosdeporte.com\/index.php?rest_route=\/wp\/v2\/posts"}],"about":[{"href":"https:\/\/www.burgosdeporte.com\/index.php?rest_route=\/wp\/v2\/types\/post"}],"author":[{"embeddable":true,"href":"https:\/\/www.burgosdeporte.com\/index.php?rest_route=\/wp\/v2\/users\/15"}],"replies":[{"embeddable":true,"href":"https:\/\/www.burgosdeporte.com\/index.php?rest_route=%2Fwp%2Fv2%2Fcomments&post=106582"}],"version-history":[{"count":0,"href":"https:\/\/www.burgosdeporte.com\/index.php?rest_route=\/wp\/v2\/posts\/106582\/revisions"}],"wp:featuredmedia":[{"embeddable":true,"href":"https:\/\/www.burgosdeporte.com\/index.php?rest_route=\/"}],"wp:attachment":[{"href":"https:\/\/www.burgosdeporte.com\/index.php?rest_route=%2Fwp%2Fv2%2Fmedia&parent=106582"}],"wp:term":[{"taxonomy":"category","embeddable":true,"href":"https:\/\/www.burgosdeporte.com\/index.php?rest_route=%2Fwp%2Fv2%2Fcategories&post=106582"},{"taxonomy":"post_tag","embeddable":true,"href":"https:\/\/www.burgosdeporte.com\/index.php?rest_route=%2Fwp%2Fv2%2Ftags&post=106582"}],"curies":[{"name":"wp","href":"https:\/\/api.w.org\/{rel}","templated":true}]}}