{"id":103666,"date":"2023-06-26T12:41:06","date_gmt":"2023-06-26T10:41:06","guid":{"rendered":"https:\/\/www.burgosdeporte.com\/?p=103666"},"modified":"2023-06-26T12:41:06","modified_gmt":"2023-06-26T10:41:06","slug":"marta-fernandez-la-estrella-del-nacional-de-cadiz","status":"publish","type":"post","link":"https:\/\/www.burgosdeporte.com\/?p=103666","title":{"rendered":"Marta Fern\u00e1ndez, la estrella del Nacional de C\u00e1diz"},"content":{"rendered":"\n<h2 class=\"wp-block-heading\">La nadadora burgalesa consigue batir dos r\u00e9cords nacionales con un bot\u00edn de cinco oros y una plata.<\/h2>\n\n\n\n<p class=\"has-text-align-right\"><em>Marta Fern\u00e1ndez en competici\u00f3n.- Foto: CD Fusi\u00f3n.<\/em><\/p>\n\n\n<div class=\"wp-block-image\">\n<figure class=\"aligncenter size-full\"><img decoding=\"async\" src=\"https:\/\/www.burgosdeporte.com\/wp-content\/uploads\/2019\/11\/FCastilla_2019.gif\" alt=\"\" class=\"wp-image-32587\"\/><\/figure>\n<\/div>\n\n\n<p>Otra gran demostraci\u00f3n de la nadadora La nadadora burgalesa Marta Fern\u00e1ndez, esta vez en el Campeonato de Espa\u00f1a por Clubes de Nataci\u00f3n Adaptada celebrado en C\u00e1diz, donde logr\u00f3 batir dos r\u00e9cords nacionales en categor\u00eda S3 y se convirti\u00f3 en la gran estrella del campeonato, con 5 medallas de oro y una de plata. <\/p>\n\n\n\n<p>La nadadora burgalesa, integrada en el equipo CD Fusi\u00f3n de Valladolid comenzaba el campeonato con un gran \u00e9xito en los 50 metros braza, una prueba en la que lograba la victoria. Era la antesala de lo que ven\u00eda poco despu\u00e9s con otra medalla de oro en los 50 metros libres (S3) y adem\u00e1s marcaba un nuevo r\u00e9cord de Espa\u00f1a con un tiempo de 43.88. <\/p>\n\n\n\n<p>Marta Fern\u00e1ndez demostraba su gran momento de forma tambi\u00e9n en los 100 metros libres (S3), con otro r\u00e9cord de Espa\u00f1a en un crono que estableci\u00f3 en 1:33.31. Y en plena euforia por los buenos resultados Fern\u00e1ndez tambi\u00e9n triunfaba en los 50 metros mariposa (S3) con otra medalla de oro, cerrando de una forma extraordinaria su participaci\u00f3n en las pruebas individuales. <\/p>\n\n\n\n<p>Sin embargo, no estaba todo dicho por parte de la nadadora de Burgos, que tambi\u00e9n obtuvo el oro en los relevos mixtos\u00a0junto a sus compa\u00f1eros del\u00a0CD Fusi\u00f3n. Lograban el\u00a0oro en los relevos de 4\u00d750 estilos y 4\u00d750 libres.<\/p>\n\n\n\n<p>M\u00e1s de 40 deportistas representaron a la Federaci\u00f3n Espa\u00f1ola de Deportes de Personas con Par\u00e1lisis Cerebral y Da\u00f1o Cerebral Adquirido, pero fue la nadadora burgalesa quien se destac\u00f3 con sus impresionantes marcas.<\/p>\n\n\n\n<p>Ahora, su pr\u00f3ximo desaf\u00edo ser\u00e1 brillar en el Mundial que dar\u00e1 inicio el 31 de julio, ya que Marta Fern\u00e1ndez es una de los 22 nadadores que compondr\u00e1n la delegaci\u00f3n con la que Espa\u00f1a acudir\u00e1 al Mundial de&nbsp;Manchester.<\/p>\n\n\n\n<p><\/p>\n","protected":false},"excerpt":{"rendered":"<p>La nadadora burgalesa consigue batir dos r\u00e9cords nacionales con un bot\u00edn de cinco oros y una plata. Marta Fern\u00e1ndez en competici\u00f3n.- Foto: CD Fusi\u00f3n. Otra gran demostraci\u00f3n de la nadadora La nadadora burgalesa Marta Fern\u00e1ndez, esta vez en el Campeonato de Espa\u00f1a por Clubes de Nataci\u00f3n Adaptada celebrado en C\u00e1diz, donde logr\u00f3 batir dos r\u00e9cords [&hellip;]<\/p>\n","protected":false},"author":10,"featured_media":103667,"comment_status":"closed","ping_status":"closed","sticky":false,"template":"","format":"standard","meta":{"_monsterinsights_skip_tracking":false,"_monsterinsights_sitenote_active":false,"_monsterinsights_sitenote_note":"","_monsterinsights_sitenote_category":0,"footnotes":""},"categories":[205,15,8],"tags":[414,665,666],"class_list":{"0":"post-103666","1":"post","2":"type-post","3":"status-publish","4":"format-standard","5":"has-post-thumbnail","7":"category-natacion","8":"category-otros","9":"category-tipo-noticia","10":"tag-martafernandez","11":"tag-nacionalcadiz","12":"tag-natacionadaptada"},"views":11,"_links":{"self":[{"href":"https:\/\/www.burgosdeporte.com\/index.php?rest_route=\/wp\/v2\/posts\/103666","targetHints":{"allow":["GET"]}}],"collection":[{"href":"https:\/\/www.burgosdeporte.com\/index.php?rest_route=\/wp\/v2\/posts"}],"about":[{"href":"https:\/\/www.burgosdeporte.com\/index.php?rest_route=\/wp\/v2\/types\/post"}],"author":[{"embeddable":true,"href":"https:\/\/www.burgosdeporte.com\/index.php?rest_route=\/wp\/v2\/users\/10"}],"replies":[{"embeddable":true,"href":"https:\/\/www.burgosdeporte.com\/index.php?rest_route=%2Fwp%2Fv2%2Fcomments&post=103666"}],"version-history":[{"count":0,"href":"https:\/\/www.burgosdeporte.com\/index.php?rest_route=\/wp\/v2\/posts\/103666\/revisions"}],"wp:featuredmedia":[{"embeddable":true,"href":"https:\/\/www.burgosdeporte.com\/index.php?rest_route=\/"}],"wp:attachment":[{"href":"https:\/\/www.burgosdeporte.com\/index.php?rest_route=%2Fwp%2Fv2%2Fmedia&parent=103666"}],"wp:term":[{"taxonomy":"category","embeddable":true,"href":"https:\/\/www.burgosdeporte.com\/index.php?rest_route=%2Fwp%2Fv2%2Fcategories&post=103666"},{"taxonomy":"post_tag","embeddable":true,"href":"https:\/\/www.burgosdeporte.com\/index.php?rest_route=%2Fwp%2Fv2%2Ftags&post=103666"}],"curies":[{"name":"wp","href":"https:\/\/api.w.org\/{rel}","templated":true}]}}