{"id":102134,"date":"2023-06-06T14:38:15","date_gmt":"2023-06-06T12:38:15","guid":{"rendered":"https:\/\/www.burgosdeporte.com\/?p=102134"},"modified":"2023-06-06T14:38:15","modified_gmt":"2023-06-06T12:38:15","slug":"las-instalaciones-arandinas-de-prado-sport-acogen-torneos-de-padel-y-natacion","status":"publish","type":"post","link":"https:\/\/www.burgosdeporte.com\/?p=102134","title":{"rendered":"Las instalaciones arandinas de Prado Sport acogen torneos de p\u00e1del y nataci\u00f3n"},"content":{"rendered":"<div class=\"wp-block-image\">\n<figure class=\"aligncenter size-full\"><a href=\"https:\/\/felixrubio.es\/\" target=\"_blank\" rel=\"noreferrer noopener\"><img decoding=\"async\" src=\"https:\/\/www.burgosdeporte.com\/wp-content\/uploads\/2020\/01\/FelixRubio-scaled.gif\" alt=\"\" class=\"wp-image-33326\"\/><\/a><\/figure>\n<\/div>\n\n\n<p>El centro deportivo Prado Sport de Aranda de Duero ha acogido el Campeonato regional de menores CYL, prueba puntuable en el ranking de la Federaci\u00f3n Espa\u00f1ola de P\u00e1del.<\/p>\n\n\n\n<p>100 menores de toda la regi\u00f3n se inscribieron en esta prueba y la escuela de P\u00e1del Prado Sport estuvo representada por 10 parejas. Las rondas se disputaron durante toda la jornada del s\u00e1bado siendo las semifinales y final en la ma\u00f1ana del domingo.<\/p>\n\n\n\n<p>Los alumnos de la Escuela de P\u00e1del Prado Sport alcanzaron las \u00faltimas rondas proclam\u00e1ndose Campeonas Cadete Femenino Paula Domingo y Saray P\u00e9rez. Campeonas de la final de consolaci\u00f3n infantil femenino fueron Diana Tejedor y Alejandra Frutos.<\/p>\n\n\n\n<p>En la misma categor\u00eda, subcampeonas Marena Baldovino y Julia Velasco. Y jugaron las semifinales benjam\u00edn masculino Alain Sope\u00f1a y Diego Requejo y la semifinal cadete masculino, Sergio Bl\u00e1zquez y \u00c1lvaro Iglesias. Adem\u00e1s de Prado Sport, contribuyeron en la organizaci\u00f3n del Campeonato Inmoba Aranda, Frucarbo, Bar Jamari y Padelcyl.<\/p>\n\n\n\n<p><strong>Torneo de nataci\u00f3n Prado Sport<\/strong><\/p>\n\n\n\n<figure class=\"wp-block-image size-full\"><img decoding=\"async\" src=\"https:\/\/www.burgosdeporte.com\/wp-content\/uploads\/2023\/06\/Torneo-Natacion-Prado-Sport.jpg\" alt=\"\" class=\"wp-image-102136\"\/><\/figure>\n\n\n\n<p>Tambi\u00e9n se disput\u00f3 en el centro deportivo el Torneo de Nataci\u00f3n Prado Sport como colof\u00f3n a los cursos de la Escuela de Nataci\u00f3n. Fue el primer torneo que se celebraba en Piscina Carmen, inaugurada el pasado mes de octubre. Durante toda la tarde los alumnos de la Escuela de Nataci\u00f3n demostraron ante padres y monitores, lo aprendido durante el curso.<\/p>\n\n\n\n<p>M\u00e1s de 60 ni\u00f1os se inscribieron, desde los m\u00e1s peque\u00f1os a partir de 3 a\u00f1os, en las categor\u00edas de Pezque\u00f1ines, Pezque\u00f1ines + y Ballenanos, a los m\u00e1s mayores en las categor\u00edas de Ballenanos +, Tiburones, Pira\u00f1as y Junior.&nbsp; Una gran fiesta fin de curso que da paso a los cursos intensivos de nataci\u00f3n.<\/p>\n\n\n\n<p>Los ganadores de cada categor\u00eda obtuvieron un trofeo y todos los participantes se llevaron su medalla. El torneo de nataci\u00f3n cont\u00f3 con la colaboraci\u00f3n de Pascual, Frucarbo, Jaspe, Alcampo y La Consentida, bar\/restaurante recientemente inaugurado en las instalaciones de Prado Sport.<\/p>\n\n\n<div class=\"wp-block-image\">\n<figure class=\"aligncenter size-full\"><a href=\"https:\/\/felixrubio.es\/\" target=\"_blank\" rel=\"noreferrer noopener\"><img decoding=\"async\" src=\"https:\/\/www.burgosdeporte.com\/wp-content\/uploads\/2020\/01\/FelixRubio-scaled.gif\" alt=\"\" class=\"wp-image-33326\"\/><\/a><\/figure>\n<\/div>","protected":false},"excerpt":{"rendered":"<p>El centro deportivo Prado Sport de Aranda de Duero ha acogido el Campeonato regional de menores CYL, prueba puntuable en el ranking de la Federaci\u00f3n Espa\u00f1ola de P\u00e1del. 100 menores de toda la regi\u00f3n se inscribieron en esta prueba y la escuela de P\u00e1del Prado Sport estuvo representada por 10 parejas. Las rondas se disputaron [&hellip;]<\/p>\n","protected":false},"author":10,"featured_media":102135,"comment_status":"closed","ping_status":"closed","sticky":false,"template":"","format":"standard","meta":{"_monsterinsights_skip_tracking":false,"_monsterinsights_sitenote_active":false,"_monsterinsights_sitenote_note":"","_monsterinsights_sitenote_category":0,"footnotes":""},"categories":[205,15,421,8],"tags":[206,422,592],"class_list":{"0":"post-102134","1":"post","2":"type-post","3":"status-publish","4":"format-standard","5":"has-post-thumbnail","7":"category-natacion","8":"category-otros","9":"category-padel","10":"category-tipo-noticia","11":"tag-natacion","12":"tag-padel","13":"tag-pradosportaranda"},"views":46,"_links":{"self":[{"href":"https:\/\/www.burgosdeporte.com\/index.php?rest_route=\/wp\/v2\/posts\/102134","targetHints":{"allow":["GET"]}}],"collection":[{"href":"https:\/\/www.burgosdeporte.com\/index.php?rest_route=\/wp\/v2\/posts"}],"about":[{"href":"https:\/\/www.burgosdeporte.com\/index.php?rest_route=\/wp\/v2\/types\/post"}],"author":[{"embeddable":true,"href":"https:\/\/www.burgosdeporte.com\/index.php?rest_route=\/wp\/v2\/users\/10"}],"replies":[{"embeddable":true,"href":"https:\/\/www.burgosdeporte.com\/index.php?rest_route=%2Fwp%2Fv2%2Fcomments&post=102134"}],"version-history":[{"count":0,"href":"https:\/\/www.burgosdeporte.com\/index.php?rest_route=\/wp\/v2\/posts\/102134\/revisions"}],"wp:featuredmedia":[{"embeddable":true,"href":"https:\/\/www.burgosdeporte.com\/index.php?rest_route=\/"}],"wp:attachment":[{"href":"https:\/\/www.burgosdeporte.com\/index.php?rest_route=%2Fwp%2Fv2%2Fmedia&parent=102134"}],"wp:term":[{"taxonomy":"category","embeddable":true,"href":"https:\/\/www.burgosdeporte.com\/index.php?rest_route=%2Fwp%2Fv2%2Fcategories&post=102134"},{"taxonomy":"post_tag","embeddable":true,"href":"https:\/\/www.burgosdeporte.com\/index.php?rest_route=%2Fwp%2Fv2%2Ftags&post=102134"}],"curies":[{"name":"wp","href":"https:\/\/api.w.org\/{rel}","templated":true}]}}